{"id":5563,"date":"2018-01-30T20:09:50","date_gmt":"2018-01-30T20:09:50","guid":{"rendered":"http:\/\/www.cgt-hopital-manosque.fr\/?p=5563"},"modified":"2018-01-30T20:15:46","modified_gmt":"2018-01-30T20:15:46","slug":"30-janvier-2018-elections-professionnelles-du-6-decembre-2018-la-question-du-vote-electronique","status":"publish","type":"post","link":"http:\/\/www.cgt-hopital-manosque.fr\/?p=5563","title":{"rendered":"30 janvier 2018 &#8211; Elections professionnelles du 6 d\u00e9cembre 2018 : la question du vote \u00e9lectronique"},"content":{"rendered":"<p><a href=\"http:\/\/www.cgt-hopital-manosque.fr\/wp-content\/uploads\/2018\/01\/893.-Vote-\u00e9lectronique-FPH-h\u00f4pital.jpg\"><img loading=\"lazy\" decoding=\"async\" src=\"http:\/\/www.cgt-hopital-manosque.fr\/wp-content\/uploads\/2018\/01\/893.-Vote-\u00e9lectronique-FPH-h\u00f4pital.jpg\" alt=\"Vote \u00e9lectronique FPH h\u00f4pital\" width=\"500\" height=\"368\" class=\"aligncenter size-full wp-image-5564\" srcset=\"http:\/\/www.cgt-hopital-manosque.fr\/wp-content\/uploads\/2018\/01\/893.-Vote-\u00e9lectronique-FPH-h\u00f4pital.jpg 500w, http:\/\/www.cgt-hopital-manosque.fr\/wp-content\/uploads\/2018\/01\/893.-Vote-\u00e9lectronique-FPH-h\u00f4pital-300x221.jpg 300w\" sizes=\"(max-width: 500px) 100vw, 500px\" \/><\/a><\/p>\n<p style= \"text-align: justify;\"> <strong> Lors du CTE (Comit\u00e9 Technique d&rsquo;Etablissement) de l&rsquo;h\u00f4pital de Manosque du 24 janvier \u00e9tait \u00e0 l&rsquo;ordre du jour la question du vote \u00e9lectronique pour les prochaines \u00e9lections professionnelles du 6 d\u00e9cembre 2018. <\/strong><\/p>\n<p style= \"text-align: justify;\"> <strong> Les repr\u00e9sentants CGT sont intervenus pour exprimer avec force les arguments suivants : <\/strong> <\/p>\n<p style= \"text-align: justify;\">\u00ab\u00a0Le gouvernement a choisi, d&rsquo;imposer malgr\u00e9 l&rsquo;opposition d&rsquo;une majorit\u00e9 d&rsquo;organisations syndicales, le vote \u00e9lectronique comme modalit\u00e9 de vote pour notre prochain scrutin. <\/p>\n<p style= \"text-align: justify;\">Pour m\u00e9moire, la CGT s&rsquo;y est toujours oppos\u00e9e. <\/p>\n<p style= \"text-align: justify;\">Dans les 2 autres versants (Etat et Territoriaux), le vote \u00e9lectronique a d\u00e9j\u00e0 \u00e9t\u00e9 mis en place aux pr\u00e9c\u00e9dentes \u00e9lections. Dans l&rsquo;Education nationale, par exemple : le vote \u00e9lectronique a \u00e9t\u00e9 mis en place en 2011. Scrutin pr\u00e9c\u00e9dent : 60% de taux de participation. Avec le vote \u00e9lectronique : c&rsquo;est pass\u00e9 \u00e0 38% de participation. Moins 22% de participation. On consid\u00e8re que c&rsquo;est une attaque contre le fonctionnement de notre d\u00e9mocratie sociale. Et c&rsquo;est la porte ouverte pour dire que les organisations syndicales ne sont pas repr\u00e9sentatives car elles ne sont pas \u00e9lues par une tranche suffisante du personnel. <\/p>\n<p style= \"text-align: justify;\">Nous sommes \u00e9galement dans un objectif de rentabilit\u00e9 puisque le vote \u00e9lectronique co\u00fbterait moins cher que le vote physique ou le vote par correspondance. <\/p>\n<p style= \"text-align: justify;\">Au del\u00e0 de l&rsquo;enjeu de participation, ce qui est inqui\u00e9tant c&rsquo;est la question de la s\u00e9curit\u00e9. Rien n&#8217;emp\u00eache une captation du code par des personnes malveillantes, m\u00eame s&rsquo;ils sont envoy\u00e9s en deux fois, et qui voteraient \u00e0 la place. D&rsquo;autant plus grave que le d\u00e9cret du 14 novembre 2017 rend le vote \u00e9lectronique prioritaire. C&rsquo;est \u00e0 dire qu&rsquo;une fois qu&rsquo;on a vot\u00e9 \u00e9lectroniquement, si on se d\u00e9place \u00e0 l&rsquo;urne et qu&rsquo;on veut voter physiquement, et annuler son vote \u00e9lectronique, ce n&rsquo;est plus possible. Alors que jusqu&rsquo;\u00e0 pr\u00e9sent le vote physique \u00e9tait prioritaire sur le vote par correspondance. <\/p>\n<p style= \"text-align: justify;\">Autre point important, la question de la confidentialit\u00e9, puisqu&rsquo;une disposition pr\u00e9voit que les gens qui ne sont pas dou\u00e9s avec le num\u00e9rique, pour le vote \u00e9lectronique sur site par urne \u00e9lectronique, est pr\u00e9vue la possibilit\u00e9 d&rsquo;une assistance par un tiers qui s&rsquo;engage juste \u00e0 respecter des principes d\u00e9ontologiques. Il y aura probablement des bonnes \u00e2mes pour voter \u00e0 la place des agents. L\u00e0 aussi, c&rsquo;est une attaque importante. <\/p>\n<p style= \"text-align: justify;\">Tout cela se fait sans moyens d\u00e9di\u00e9s puisque l&rsquo;un des objectifs est de prendre les moyens du vote physique et du vote par correspondance pour les d\u00e9ployer sur un march\u00e9 tr\u00e8s cher du vote \u00e9lectronique. <\/p>\n<p style= \"text-align: justify;\">Ensuite, le vote \u00e9lectronique, c&rsquo;est reporter sur du temps priv\u00e9 le fait d&rsquo;aller voter. Certains appellent \u00e7a le vote \u00ab\u00a0Pyjama\u00a0\u00bb.<\/p>\n<p style= \"text-align: justify;\">Autre point important : la question de l&rsquo;exclusivit\u00e9 du vote. Le directeur d&rsquo;\u00e9tablissement, organisateur des \u00e9lections, pourra d\u00e9cider, apr\u00e8s un simple avis du CTE, d&rsquo;imposer le vote \u00e9lectronique comme modalit\u00e9 exclusive du vote (seule modalit\u00e9 de vote). Et donc, imposer aux agents de ne pas pouvoir voter au niveau physique ou par correspondance. Ce qui est un d\u00e9ni de d\u00e9mocratie. <\/p>\n<p style= \"text-align: justify;\">Pour les CAPD d\u00e9partementales, l&rsquo;\u00e9tablissement support, organisateur des \u00e9lections, pourra imposer \u00e0 d&rsquo;autres \u00e9tablissements le vote \u00e9lectronique :<br \/>\n&#8211; Cela contrevient au principe d&rsquo;autonomie des \u00e9tablissements (autonomie juridique des d\u00e9cisions)<br \/>\n&#8211; Cela contrevient \u00e9galement aux aspects de d\u00e9mocratie sociale dans les \u00e9tablissements puisque les CTE d&rsquo;un certains nombre d&rsquo;\u00e9tablissements vont subir le vote \u00e9lectronique et ne seront sollicit\u00e9s qu&rsquo;au moment de la mise en \u0153uvre. <\/p>\n<p style= \"text-align: justify;\">>> A l&rsquo;argument \u00ab\u00a0C&rsquo;est moins co\u00fbteux\u00a0\u00bb, la CGT r\u00e9pond : <\/p>\n<p style= \"text-align: justify;\">&#8211; Cet argument n&rsquo;est pas si \u00e9vident que cela. Ce qui est co\u00fbteux dans une \u00e9lection, c\u2019est de s\u2019assurer qu\u2019on ait une liste de votants ad\u00e9quate pour les diff\u00e9rents scrutins, qu\u2019ils re\u00e7oivent bien leur mat\u00e9riel de vote\u2026 C\u2019est un travail beaucoup plus lourd que ce qu\u2019on peut imaginer. Ce travail sera toujours \u00e0 fournir par l\u2019administration. <\/p>\n<p style= \"text-align: justify;\">&#8211; De plus, cr\u00e9er, \u00e9diter, diffuser \u00e0 tout ce public, identifiants et mots de passe est \u00e9galement en soi une difficult\u00e9 non n\u00e9gligeable. <\/p>\n<p style= \"text-align: justify;\">&#8211; Enfin, l\u2019appel \u00e0 des soci\u00e9t\u00e9s externes pour r\u00e9aliser le vote \u00e9lectronique finit de couvrir peu ou prou le temps pass\u00e9 par les personnels \u00e0 organiser les bureaux de vote, les tirages papier. <\/p>\n<p style= \"text-align: justify;\">&#8211; En pleine aust\u00e9rit\u00e9 budg\u00e9taire, on s\u2019\u00e9tonne de ce choix d\u2019externalisation d\u2019une op\u00e9ration qui \u00e9tait jusqu\u2019\u00e0 pr\u00e9sent parfaitement remplie par l\u2019institut. <\/p>\n<p style= \"text-align: justify;\">>> A l&rsquo;argument \u00ab\u00a0C&rsquo;est plus moderne\u00a0\u00bb, la CGT r\u00e9pond : <\/p>\n<p style= \"text-align: justify;\">&#8211; Est-ce qu&rsquo;\u00eatre plus rapide c&rsquo;est \u00eatre plus moderne ? <\/p>\n<p style= \"text-align: justify;\">&#8211; Plus moderne ne veut pas dire plus fiable, c&rsquo;est m\u00eame tout le contraire dans le cas du vote \u00e9lectronique. On se souvient tous des buggs ou incidents lors du vote des primaires chez LR (Les R\u00e9publicains) ou des statuts \u00e0 LREM (La R\u00e9publique en Marche). Au final, pas s\u00fbr qu&rsquo;on a gagn\u00e9 du temps. D\u2019autant que le scrutin \u00e9lectronique durerait une semaine\u2026 au lieu d\u2019un seul jour. <\/p>\n<p style= \"text-align: justify;\">&#8211; Est-ce qu&rsquo;une baisse da la participation c&rsquo;est plus moderne ? Partout o\u00f9 le vote \u00e9lectronique a \u00e9t\u00e9 mis en place pour les \u00e9lections professionnelles, la participation a chut\u00e9. Les raisons en sont multiples : oubli du \u00ab m\u00e9l \u00bb qui rappelle de le faire, mauvais envois ou de r\u00e9cup\u00e9ration d\u2019identifiants, identifiants qui ne fonctionnent pas, probl\u00e8mes de connexion\u2026<\/p>\n<p style= \"text-align: justify;\">>> A l&rsquo;argument \u00a0\u00bb Il faut arr\u00eater de douter de tout, faisons confiance \u00e0 ce syst\u00e8me fiable\u00a0\u00bb, la CGT r\u00e9pond : <\/p>\n<p style= \"text-align: justify;\">&#8211; Avec ce syst\u00e8me, impossible de savoir si son vote a bien \u00e9t\u00e9 pris en compte. Avec le papier c\u2019est simple. Sauf \u00e0 rajouter des bulletins papiers dans ses chaussettes, il est difficile de frauder \u00e0 une \u00e9lection avec urne transparente lorsque plusieurs personnes tiennent les bureaux de vote. <\/p>\n<p style= \"text-align: justify;\">&#8211; Pour les \u00e9lections \u00e9lectroniques, vous n\u2019avez g\u00e9n\u00e9ralement pas d\u2019accus\u00e9 de r\u00e9ception vous disant pour qui vous avez vot\u00e9. De plus, impossible de savoir si le programme \u00e9tabli par une soci\u00e9t\u00e9 choisie par l\u2019employeur est honn\u00eate. <\/p>\n<p style= \"text-align: justify;\">&#8211; Ne parlons pas des cyber attaques possibles, qui ont conduit le gouvernement \u00e0 ne pas utiliser le vote \u00e9lectronique pour les \u00e9lections politiques de 2017 en France. Nous sommes peut-\u00eatre moins soumis \u00e0 ce type d\u2019attaque&#8230; Mais pourquoi pas \u00e0 une attaque \u00ab douce \u00bb, invisible, mais qui fausserait les r\u00e9sultats ?<br \/>\nLa plupart d\u2019entre nous n\u2019y verraient que du feu, ce qui n\u2019est pas admissible !.\u00a0\u00bb <\/p>\n<p style= \"text-align: justify;\"> <strong> La direction semble avoir \u00e9t\u00e9 sensible \u00e0 nos arguments. On devrait s&rsquo;orienter vers un vote papier traditionnel. A confirmer au prochain CTE. <\/strong><\/p>\n","protected":false},"excerpt":{"rendered":"<p>Lors du CTE (Comit\u00e9 Technique d&rsquo;Etablissement) de l&rsquo;h\u00f4pital de Manosque du 24 janvier \u00e9tait \u00e0 l&rsquo;ordre du jour la question du vote \u00e9lectronique pour les prochaines \u00e9lections professionnelles du 6 d\u00e9cembre 2018. Les repr\u00e9sentants CGT sont intervenus pour exprimer avec force les arguments suivants : \u00ab\u00a0Le gouvernement a choisi, d&rsquo;imposer malgr\u00e9 l&rsquo;opposition d&rsquo;une majorit\u00e9 d&rsquo;organisations [&hellip;]<\/p>\n","protected":false},"author":1,"featured_media":0,"comment_status":"closed","ping_status":"closed","sticky":false,"template":"","format":"standard","meta":{"footnotes":""},"categories":[7],"tags":[],"views":2424,"_links":{"self":[{"href":"http:\/\/www.cgt-hopital-manosque.fr\/index.php?rest_route=\/wp\/v2\/posts\/5563"}],"collection":[{"href":"http:\/\/www.cgt-hopital-manosque.fr\/index.php?rest_route=\/wp\/v2\/posts"}],"about":[{"href":"http:\/\/www.cgt-hopital-manosque.fr\/index.php?rest_route=\/wp\/v2\/types\/post"}],"author":[{"embeddable":true,"href":"http:\/\/www.cgt-hopital-manosque.fr\/index.php?rest_route=\/wp\/v2\/users\/1"}],"replies":[{"embeddable":true,"href":"http:\/\/www.cgt-hopital-manosque.fr\/index.php?rest_route=%2Fwp%2Fv2%2Fcomments&post=5563"}],"version-history":[{"count":3,"href":"http:\/\/www.cgt-hopital-manosque.fr\/index.php?rest_route=\/wp\/v2\/posts\/5563\/revisions"}],"predecessor-version":[{"id":5567,"href":"http:\/\/www.cgt-hopital-manosque.fr\/index.php?rest_route=\/wp\/v2\/posts\/5563\/revisions\/5567"}],"wp:attachment":[{"href":"http:\/\/www.cgt-hopital-manosque.fr\/index.php?rest_route=%2Fwp%2Fv2%2Fmedia&parent=5563"}],"wp:term":[{"taxonomy":"category","embeddable":true,"href":"http:\/\/www.cgt-hopital-manosque.fr\/index.php?rest_route=%2Fwp%2Fv2%2Fcategories&post=5563"},{"taxonomy":"post_tag","embeddable":true,"href":"http:\/\/www.cgt-hopital-manosque.fr\/index.php?rest_route=%2Fwp%2Fv2%2Ftags&post=5563"}],"curies":[{"name":"wp","href":"https:\/\/api.w.org\/{rel}","templated":true}]}}