{"id":5568,"date":"2018-01-30T21:44:54","date_gmt":"2018-01-30T21:44:54","guid":{"rendered":"http:\/\/www.cgt-hopital-manosque.fr\/?p=5568"},"modified":"2018-01-31T08:19:06","modified_gmt":"2018-01-31T08:19:06","slug":"31-janvier-2018-ehpad-tres-belle-mobilisation-a-digne-comme-dans-toute-la-france","status":"publish","type":"post","link":"http:\/\/www.cgt-hopital-manosque.fr\/?p=5568","title":{"rendered":"31 janvier 2018 &#8211; Rassemblement pour les EHPAD \u00e0 Digne : une journ\u00e9e r\u00e9ussie qui en appelle d&rsquo;autres"},"content":{"rendered":"<p><a href=\"http:\/\/www.cgt-hopital-manosque.fr\/wp-content\/uploads\/2018\/01\/894.-Gr\u00e8ve-EHPAD-30-janvier-1.jpg\"><img loading=\"lazy\" decoding=\"async\" src=\"http:\/\/www.cgt-hopital-manosque.fr\/wp-content\/uploads\/2018\/01\/894.-Gr\u00e8ve-EHPAD-30-janvier-1.jpg\" alt=\"894. Gr\u00e8ve EHPAD 30 janvier (1)\" width=\"5184\" height=\"3456\" class=\"aligncenter size-full wp-image-5569\" srcset=\"http:\/\/www.cgt-hopital-manosque.fr\/wp-content\/uploads\/2018\/01\/894.-Gr\u00e8ve-EHPAD-30-janvier-1.jpg 5184w, http:\/\/www.cgt-hopital-manosque.fr\/wp-content\/uploads\/2018\/01\/894.-Gr\u00e8ve-EHPAD-30-janvier-1-300x200.jpg 300w, http:\/\/www.cgt-hopital-manosque.fr\/wp-content\/uploads\/2018\/01\/894.-Gr\u00e8ve-EHPAD-30-janvier-1-1024x683.jpg 1024w\" sizes=\"(max-width: 5184px) 100vw, 5184px\" \/><\/a><\/p>\n<p style= \"text-align: justify;\">\n<p><a href=\"http:\/\/www.cgt-hopital-manosque.fr\/wp-content\/uploads\/2018\/01\/894.-Gr\u00e8ve-EHPAD-30-janvier-2.jpg\"><img loading=\"lazy\" decoding=\"async\" src=\"http:\/\/www.cgt-hopital-manosque.fr\/wp-content\/uploads\/2018\/01\/894.-Gr\u00e8ve-EHPAD-30-janvier-2.jpg\" alt=\"894. Gr\u00e8ve EHPAD 30 janvier (2)\" width=\"5184\" height=\"3456\" class=\"aligncenter size-full wp-image-5570\" srcset=\"http:\/\/www.cgt-hopital-manosque.fr\/wp-content\/uploads\/2018\/01\/894.-Gr\u00e8ve-EHPAD-30-janvier-2.jpg 5184w, http:\/\/www.cgt-hopital-manosque.fr\/wp-content\/uploads\/2018\/01\/894.-Gr\u00e8ve-EHPAD-30-janvier-2-300x200.jpg 300w, http:\/\/www.cgt-hopital-manosque.fr\/wp-content\/uploads\/2018\/01\/894.-Gr\u00e8ve-EHPAD-30-janvier-2-1024x683.jpg 1024w\" sizes=\"(max-width: 5184px) 100vw, 5184px\" \/><\/a><\/p>\n<p style= \"text-align: justify;\">\n<p><a href=\"http:\/\/www.cgt-hopital-manosque.fr\/wp-content\/uploads\/2018\/01\/894.-Gr\u00e8ve-EHPAD-30-janvier-3.jpg\"><img loading=\"lazy\" decoding=\"async\" src=\"http:\/\/www.cgt-hopital-manosque.fr\/wp-content\/uploads\/2018\/01\/894.-Gr\u00e8ve-EHPAD-30-janvier-3.jpg\" alt=\"894. Gr\u00e8ve EHPAD 30 janvier (3)\" width=\"5184\" height=\"3456\" class=\"aligncenter size-full wp-image-5571\" srcset=\"http:\/\/www.cgt-hopital-manosque.fr\/wp-content\/uploads\/2018\/01\/894.-Gr\u00e8ve-EHPAD-30-janvier-3.jpg 5184w, http:\/\/www.cgt-hopital-manosque.fr\/wp-content\/uploads\/2018\/01\/894.-Gr\u00e8ve-EHPAD-30-janvier-3-300x200.jpg 300w, http:\/\/www.cgt-hopital-manosque.fr\/wp-content\/uploads\/2018\/01\/894.-Gr\u00e8ve-EHPAD-30-janvier-3-1024x683.jpg 1024w\" sizes=\"(max-width: 5184px) 100vw, 5184px\" \/><\/a><\/p>\n<p style= \"text-align: justify;\">\n<p><a href=\"http:\/\/www.cgt-hopital-manosque.fr\/wp-content\/uploads\/2018\/01\/894.-Gr\u00e8ve-EHPAD-30-janvier-4.jpg\"><img loading=\"lazy\" decoding=\"async\" src=\"http:\/\/www.cgt-hopital-manosque.fr\/wp-content\/uploads\/2018\/01\/894.-Gr\u00e8ve-EHPAD-30-janvier-4.jpg\" alt=\"894. Gr\u00e8ve EHPAD 30 janvier (4)\" width=\"5184\" height=\"3456\" class=\"aligncenter size-full wp-image-5572\" srcset=\"http:\/\/www.cgt-hopital-manosque.fr\/wp-content\/uploads\/2018\/01\/894.-Gr\u00e8ve-EHPAD-30-janvier-4.jpg 5184w, http:\/\/www.cgt-hopital-manosque.fr\/wp-content\/uploads\/2018\/01\/894.-Gr\u00e8ve-EHPAD-30-janvier-4-300x200.jpg 300w, http:\/\/www.cgt-hopital-manosque.fr\/wp-content\/uploads\/2018\/01\/894.-Gr\u00e8ve-EHPAD-30-janvier-4-1024x683.jpg 1024w\" sizes=\"(max-width: 5184px) 100vw, 5184px\" \/><\/a><\/p>\n<p style= \"text-align: justify;\">\n<p><a href=\"http:\/\/www.cgt-hopital-manosque.fr\/wp-content\/uploads\/2018\/01\/894.-Gr\u00e8ve-EHPAD-30-janvier-5.jpg\"><img loading=\"lazy\" decoding=\"async\" src=\"http:\/\/www.cgt-hopital-manosque.fr\/wp-content\/uploads\/2018\/01\/894.-Gr\u00e8ve-EHPAD-30-janvier-5.jpg\" alt=\"894. Gr\u00e8ve EHPAD 30 janvier (5)\" width=\"5184\" height=\"3456\" class=\"aligncenter size-full wp-image-5573\" srcset=\"http:\/\/www.cgt-hopital-manosque.fr\/wp-content\/uploads\/2018\/01\/894.-Gr\u00e8ve-EHPAD-30-janvier-5.jpg 5184w, http:\/\/www.cgt-hopital-manosque.fr\/wp-content\/uploads\/2018\/01\/894.-Gr\u00e8ve-EHPAD-30-janvier-5-300x200.jpg 300w, http:\/\/www.cgt-hopital-manosque.fr\/wp-content\/uploads\/2018\/01\/894.-Gr\u00e8ve-EHPAD-30-janvier-5-1024x683.jpg 1024w\" sizes=\"(max-width: 5184px) 100vw, 5184px\" \/><\/a><\/p>\n<p style= \"text-align: justify;\">\n<p><a href=\"http:\/\/www.cgt-hopital-manosque.fr\/wp-content\/uploads\/2018\/01\/894.-Gr\u00e8ve-EHPAD-30-janvier-6.jpg\"><img loading=\"lazy\" decoding=\"async\" src=\"http:\/\/www.cgt-hopital-manosque.fr\/wp-content\/uploads\/2018\/01\/894.-Gr\u00e8ve-EHPAD-30-janvier-6.jpg\" alt=\"894. Gr\u00e8ve EHPAD 30 janvier (6)\" width=\"5184\" height=\"3456\" class=\"aligncenter size-full wp-image-5574\" srcset=\"http:\/\/www.cgt-hopital-manosque.fr\/wp-content\/uploads\/2018\/01\/894.-Gr\u00e8ve-EHPAD-30-janvier-6.jpg 5184w, http:\/\/www.cgt-hopital-manosque.fr\/wp-content\/uploads\/2018\/01\/894.-Gr\u00e8ve-EHPAD-30-janvier-6-300x200.jpg 300w, http:\/\/www.cgt-hopital-manosque.fr\/wp-content\/uploads\/2018\/01\/894.-Gr\u00e8ve-EHPAD-30-janvier-6-1024x683.jpg 1024w\" sizes=\"(max-width: 5184px) 100vw, 5184px\" \/><\/a><\/p>\n<p style= \"text-align: justify;\">\n<p style= \"text-align: justify;\">\nLe 30 janvier, \u00e0 Digne les Bains, pr\u00e8s de 200 salari\u00e9s des EHPAD publics et priv\u00e9s du d\u00e9partement se sont rassembl\u00e9s pour d\u00e9noncer des conditions de travail inacceptables et un manque de moyens insupportables. <\/p>\n<p style= \"text-align: justify;\">\nUne d\u00e9l\u00e9gation a \u00e9t\u00e9 re\u00e7ue par la Pr\u00e9sidence du Conseil D\u00e9partemental. Le choix s&rsquo;\u00e9tait port\u00e9 sur le Conseil D\u00e9partemental car pr\u00e9c\u00e9demment des rencontres avaient \u00e9t\u00e9 organis\u00e9es avec ARS, d\u00e9put\u00e9s et Maires. <\/p>\n<p style= \"text-align: justify;\">\nLe cort\u00e8ge \u00e9tait compos\u00e9 \u00e0 80% environ par la CGT. <\/p>\n<p style= \"text-align: justify;\">\nUne repr\u00e9sentante FO s&rsquo;est exprim\u00e9e. Puis une dizaine de repr\u00e9sentants et syndiqu\u00e9s CGT se sont exprim\u00e9s avec force. <\/p>\n<p style= \"text-align: justify;\">\nLe constat a \u00e9t\u00e9 accablant. Ci-joint quelques extraits d&rsquo;interventions : <\/p>\n<p style= \"text-align: justify;\">\n\u00ab\u00a0Le ratio personnel  \/ r\u00e9sident ne permet pas de r\u00e9pondre aux besoins des usagers. Alors qu&rsquo;il est de 0,6 personnel par r\u00e9sident en France, ils se situent autour de 1 en Allemagne ou en Belgique, et 1,2 en Suisse, en Su\u00e8de ou au Danemark.\u00a0\u00bb <\/p>\n<p style= \"text-align: justify;\">\n\u00ab\u00a0On ne rentre pas \u00e0 l&rsquo;h\u00f4pital ou en EHPAD comme dans un hall de gare. Il faut des dipl\u00f4mes, des qualifications. C&rsquo;est pas l&rsquo;auberge espagnole.\u00a0\u00bb <\/p>\n<p style= \"text-align: justify;\">\n\u00ab\u00a0L&rsquo;\u00e2ge  d&rsquo;entr\u00e9e en EHPAD augmente (autour de 85 ans actuellement) impactant le niveau de d\u00e9pendance des r\u00e9sidents et de complexit\u00e9 de prise en charge.\u00a0\u00bb <\/p>\n<p style= \"text-align: justify;\">\n\u00ab\u00a0Les accidents du travail comme les inaptitudes sont deux fois plus \u00e9lev\u00e9s dans les EHPAD publics et priv\u00e9s que la moyenne nationale (tous secteurs confondus).\u00a0\u00bb <\/p>\n<p style= \"text-align: justify;\">\n\u00ab\u00a0Cette maltraitance institutionnelle coute en moyenne 2000 euros dans le public et 3300 euros dans le priv\u00e9 au r\u00e9sident et \u00e0 sa famille. Ces tarifs sont largement au dessus des retraites moyennes autour de 1100 euros.\u00a0\u00bb <\/p>\n<p style= \"text-align: justify;\">\n\u00ab\u00a0A l&rsquo;\u00e9cole on apprend qu&rsquo;il faut de 20 minutes \u00e0 40 minutes selon les pathologies pour effectuer la toilette d&rsquo;un r\u00e9sident. Dans la r\u00e9alit\u00e9 une aide-soignante a tout au plus 5 minutes pour r\u00e9aliser une toilette. Ce n&rsquo;est plus possible !\u00a0\u00bb <\/p>\n<p style= \"text-align: justify;\">\n\u00ab\u00a0On fait 15 toilettes par jour, l&rsquo;apr\u00e8s-midi nous sommes 1 pour 20, pour changer tous les r\u00e9sidents. On est des bonnes \u00e0 tout faire, avec des d\u00e9passements de t\u00e2ches permanents, pour un salaire de mis\u00e8re. Nous en avons marre de courir toutes la journ\u00e9e. Et si nous nous sommes trait\u00e9s comme de la merdre, il n&rsquo;y a pas de mot assez fort pour d\u00e9crire la fa\u00e7on dont sont trait\u00e9s les contrats aid\u00e9s. <\/p>\n<p style= \"text-align: justify;\">\n\u00ab\u00a0On ne prend pas nos pauses. On fait des heures en plus. A la fin de l&rsquo;ann\u00e9e, on ne peut pas nous les payer. On ne peut pas les r\u00e9cup\u00e9rer non plus. On nous traite comme du b\u00e9tail !. <\/p>\n<p style= \"text-align: justify;\">\n\u00ab\u00a0La r\u00e9forme du mode de financement, loin d&rsquo;am\u00e9liorer les choses, va cr\u00e9er encore plus d&rsquo;in\u00e9galit\u00e9s entre d\u00e9partements et entre \u00e9tablissements.\u00a0\u00bb <\/p>\n<p style= \"text-align: justify;\">\n\u00ab\u00a0Nos revendications, elles sont claires :<br \/>\n&#8211; 1 personnel pour 1 r\u00e9sident<br \/>\n&#8211; Une r\u00e9elle reconnaissance des qualifications et de la p\u00e9nibilit\u00e9<br \/>\n&#8211; Une infirmi\u00e8re la nuit par \u00e9tablissement<br \/>\n&#8211; Des moyens suppl\u00e9mentaires afin :<br \/>\n\t* d&#8217;embaucher du personnel<br \/>\n\t* moderniser les \u00e9tablissements<br \/>\n\t* permettre de diminuer le reste \u00e0 charge des r\u00e9sidents et familles<br \/>\n&#8211; Le respect, la dignit\u00e9 des personnels et des r\u00e9sidents<br \/>\n&#8211; Une augmentation des salaires\u00a0\u00bb<\/p>\n<p style= \"text-align: justify;\">\n\u00ab\u00a0Nous avons initi\u00e9 un processus de mobilisation au niveau r\u00e9gional et d\u00e9partemental sur les EHPAD depuis juillet 2017. Cette journ\u00e9e du 30 janvier est une \u00e9tape de ce processus qui sera une belle r\u00e9ussite.<br \/>\nOn ne peut plus accepter de voir des personnels travailler dans des conditions aussi mis\u00e9rables. Et on ne peut plus accepter de voir des r\u00e9sidents et des familles payer toujours plus pour une prise en charge tout aussi d\u00e9plorable.<br \/>\nLes premiers millions d\u00e9bloqu\u00e9s sont une insulte. Mais cela montre surtout qu&rsquo;il faut \u00eatre encore plus d\u00e9termin\u00e9s pour obtenir beaucoup plus de moyens afin de r\u00e9pondre aux besoins r\u00e9els de la population, et pas juste quelques miettes qu&rsquo;on nous jetterait au visage de mani\u00e8re m\u00e9prisante.\u00a0\u00bb <\/p>\n<p style= \"text-align: justify;\">\n\u00ab\u00a0Il faut continuer, il ne faut rien l\u00e2cher, une dynamique tr\u00e8s encourageante se construit, il faut rapidement pr\u00e9voir une autre date pour maintenir la pression, et permettre aux personnels et aux r\u00e9sidents de regagner leur dignit\u00e9.\u00a0\u00bb <\/p>\n<p style= \"text-align: justify;\">\n<p style= \"text-align: justify;\"><strong> >> POUR CONSULTER NOTRE DOSSIER COMPLET SUR LES EHPAD \/ EPS \/ MAISONS DE RETRAITE DU DEPARTEMENT (AVEC LES DIFFERENTS ARTICLES ET TRACTS), <a href=\"http:\/\/www.cgt-hopital-manosque.fr\/?p=5208\" target=\"_blank\">CLIQUER ICI<\/a><\/strong><\/p>\n","protected":false},"excerpt":{"rendered":"<p>Le 30 janvier, \u00e0 Digne les Bains, pr\u00e8s de 200 salari\u00e9s des EHPAD publics et priv\u00e9s du d\u00e9partement se sont rassembl\u00e9s pour d\u00e9noncer des conditions de travail inacceptables et un manque de moyens insupportables. Une d\u00e9l\u00e9gation a \u00e9t\u00e9 re\u00e7ue par la Pr\u00e9sidence du Conseil D\u00e9partemental. Le choix s&rsquo;\u00e9tait port\u00e9 sur le Conseil D\u00e9partemental car pr\u00e9c\u00e9demment [&hellip;]<\/p>\n","protected":false},"author":1,"featured_media":0,"comment_status":"closed","ping_status":"closed","sticky":false,"template":"","format":"standard","meta":{"footnotes":""},"categories":[7],"tags":[],"views":2418,"_links":{"self":[{"href":"http:\/\/www.cgt-hopital-manosque.fr\/index.php?rest_route=\/wp\/v2\/posts\/5568"}],"collection":[{"href":"http:\/\/www.cgt-hopital-manosque.fr\/index.php?rest_route=\/wp\/v2\/posts"}],"about":[{"href":"http:\/\/www.cgt-hopital-manosque.fr\/index.php?rest_route=\/wp\/v2\/types\/post"}],"author":[{"embeddable":true,"href":"http:\/\/www.cgt-hopital-manosque.fr\/index.php?rest_route=\/wp\/v2\/users\/1"}],"replies":[{"embeddable":true,"href":"http:\/\/www.cgt-hopital-manosque.fr\/index.php?rest_route=%2Fwp%2Fv2%2Fcomments&post=5568"}],"version-history":[{"count":11,"href":"http:\/\/www.cgt-hopital-manosque.fr\/index.php?rest_route=\/wp\/v2\/posts\/5568\/revisions"}],"predecessor-version":[{"id":5588,"href":"http:\/\/www.cgt-hopital-manosque.fr\/index.php?rest_route=\/wp\/v2\/posts\/5568\/revisions\/5588"}],"wp:attachment":[{"href":"http:\/\/www.cgt-hopital-manosque.fr\/index.php?rest_route=%2Fwp%2Fv2%2Fmedia&parent=5568"}],"wp:term":[{"taxonomy":"category","embeddable":true,"href":"http:\/\/www.cgt-hopital-manosque.fr\/index.php?rest_route=%2Fwp%2Fv2%2Fcategories&post=5568"},{"taxonomy":"post_tag","embeddable":true,"href":"http:\/\/www.cgt-hopital-manosque.fr\/index.php?rest_route=%2Fwp%2Fv2%2Ftags&post=5568"}],"curies":[{"name":"wp","href":"https:\/\/api.w.org\/{rel}","templated":true}]}}