{"id":5589,"date":"2018-02-03T17:11:45","date_gmt":"2018-02-03T17:11:45","guid":{"rendered":"http:\/\/www.cgt-hopital-manosque.fr\/?p=5589"},"modified":"2018-02-03T17:15:19","modified_gmt":"2018-02-03T17:15:19","slug":"3-fevrier-2018-la-cgt-a-depose-un-recours-sur-la-mise-en-place-du-vote-electronique-pour-les-elections-du-6-decembre-2018","status":"publish","type":"post","link":"http:\/\/www.cgt-hopital-manosque.fr\/?p=5589","title":{"rendered":"3 f\u00e9vrier 2018 &#8211; La CGT a d\u00e9pos\u00e9 un recours sur la mise en place du vote \u00e9lectronique pour les \u00e9lections du 6 d\u00e9cembre 2018"},"content":{"rendered":"<p><a href=\"http:\/\/www.cgt-hopital-manosque.fr\/wp-content\/uploads\/2018\/02\/895.-Recours-CGT-vote-\u00e9lectronique-\u00e9lections.jpg\"><img loading=\"lazy\" decoding=\"async\" src=\"http:\/\/www.cgt-hopital-manosque.fr\/wp-content\/uploads\/2018\/02\/895.-Recours-CGT-vote-\u00e9lectronique-\u00e9lections.jpg\" alt=\"Recours CGT vote \u00e9lectronique \u00e9lections\" width=\"799\" height=\"580\" class=\"aligncenter size-full wp-image-5590\" srcset=\"http:\/\/www.cgt-hopital-manosque.fr\/wp-content\/uploads\/2018\/02\/895.-Recours-CGT-vote-\u00e9lectronique-\u00e9lections.jpg 799w, http:\/\/www.cgt-hopital-manosque.fr\/wp-content\/uploads\/2018\/02\/895.-Recours-CGT-vote-\u00e9lectronique-\u00e9lections-300x218.jpg 300w\" sizes=\"(max-width: 799px) 100vw, 799px\" \/><\/a><\/p>\n<p style= \"text-align: justify;\">\n<p style= \"text-align: justify;\">La F\u00e9d\u00e9ration CGT Sant\u00e9 et Action Sociale a d\u00e9pos\u00e9 une requ\u00eate le 15 janvier pour contester le d\u00e9cret sur le vote \u00e9lectronique. Il s\u2019agit d\u2019un recours sur le fonds et sur la forme devant le Conseil D\u2019Etat. <\/p>\n<p style= \"text-align: justify;\">Le recours sur la forme (ou la l\u00e9galit\u00e9 externe) : il se porte notamment sur le fait que le Conseil Sup\u00e9rieur de la fonction publique hospitali\u00e8re a consult\u00e9 les organisations syndicales sur une version totalement diff\u00e9rente de celle publi\u00e9e par le gouvernement. <\/p>\n<p style= \"text-align: justify;\">Ensuite, le recours sur le fond porte sur 6 domaines :<br \/>\n&#8211; Le d\u00e9faut de base l\u00e9gale (vice de proc\u00e9dure de mise en \u0153uvre du vote \u00e9lectronique)<br \/>\n&#8211; L&rsquo;atteinte de principe du caract\u00e8re personnel au suffrage<br \/>\n&#8211; La m\u00e9connaissance du principe d\u2019autonomie des \u00e9tablissements (avec le nouveau d\u00e9cret, un \u00e9tablissement peut d\u00e9cider pour tous les autres)<br \/>\n&#8211; L&rsquo;impossibilit\u00e9 de consulter le comit\u00e9 technique dans beaucoup d&rsquo;\u00e9tablissements<br \/>\n&#8211; La m\u00e9connaissance du principe de confidentialit\u00e9<br \/>\n&#8211; La m\u00e9connaissance du principe d\u2019intelligibilit\u00e9 (tout \u00e9lecteur peut se faire assister pour voter, c\u2019est la porte ouverte \u00e0 toutes les d\u00e9rives) <\/p>\n<p style= \"text-align: justify;\">La CGT a fait ce recours car elle est convaincue que ce d\u00e9cret est entach\u00e9 de nombreuses irr\u00e9gularit\u00e9s. <\/p>\n<p style= \"text-align: justify;\">Donc, il y a une ins\u00e9curit\u00e9 juridique sur la mise en place du vote \u00e9lectronique. Raison de plus de ne pas mettre en place le vote \u00e9lectronique : le d\u00e9cret peut \u00eatre annul\u00e9 \u00e0 tout moment. (Donc pour les directions, \u00e7a peut \u00eatre beaucoup de temps et beaucoup d&rsquo;argent pour rien) <\/p>\n<p style= \"text-align: justify;\">De plus, la premi\u00e8re phrase du d\u00e9cret stipule : \u00ab\u00a0il peut \u00eatre fait recours au vote \u00e9lectronique\u00a0\u00bb. Il n&rsquo;y a donc aucune obligation. L&rsquo;obligation, c&rsquo;est certains directeurs qui se la mettent tout seul. <\/p>\n<p style= \"text-align: justify;\">Enfin, le vote \u00e9lectronique n&rsquo;est absolument pas pr\u00e9vu dans le d\u00e9cret de 2003, ce qui se pose un s\u00e9rieux probl\u00e8me. <\/p>\n","protected":false},"excerpt":{"rendered":"<p>La F\u00e9d\u00e9ration CGT Sant\u00e9 et Action Sociale a d\u00e9pos\u00e9 une requ\u00eate le 15 janvier pour contester le d\u00e9cret sur le vote \u00e9lectronique. Il s\u2019agit d\u2019un recours sur le fonds et sur la forme devant le Conseil D\u2019Etat. Le recours sur la forme (ou la l\u00e9galit\u00e9 externe) : il se porte notamment sur le fait que [&hellip;]<\/p>\n","protected":false},"author":1,"featured_media":0,"comment_status":"closed","ping_status":"closed","sticky":false,"template":"","format":"standard","meta":{"footnotes":""},"categories":[8],"tags":[],"views":1910,"_links":{"self":[{"href":"http:\/\/www.cgt-hopital-manosque.fr\/index.php?rest_route=\/wp\/v2\/posts\/5589"}],"collection":[{"href":"http:\/\/www.cgt-hopital-manosque.fr\/index.php?rest_route=\/wp\/v2\/posts"}],"about":[{"href":"http:\/\/www.cgt-hopital-manosque.fr\/index.php?rest_route=\/wp\/v2\/types\/post"}],"author":[{"embeddable":true,"href":"http:\/\/www.cgt-hopital-manosque.fr\/index.php?rest_route=\/wp\/v2\/users\/1"}],"replies":[{"embeddable":true,"href":"http:\/\/www.cgt-hopital-manosque.fr\/index.php?rest_route=%2Fwp%2Fv2%2Fcomments&post=5589"}],"version-history":[{"count":4,"href":"http:\/\/www.cgt-hopital-manosque.fr\/index.php?rest_route=\/wp\/v2\/posts\/5589\/revisions"}],"predecessor-version":[{"id":5594,"href":"http:\/\/www.cgt-hopital-manosque.fr\/index.php?rest_route=\/wp\/v2\/posts\/5589\/revisions\/5594"}],"wp:attachment":[{"href":"http:\/\/www.cgt-hopital-manosque.fr\/index.php?rest_route=%2Fwp%2Fv2%2Fmedia&parent=5589"}],"wp:term":[{"taxonomy":"category","embeddable":true,"href":"http:\/\/www.cgt-hopital-manosque.fr\/index.php?rest_route=%2Fwp%2Fv2%2Fcategories&post=5589"},{"taxonomy":"post_tag","embeddable":true,"href":"http:\/\/www.cgt-hopital-manosque.fr\/index.php?rest_route=%2Fwp%2Fv2%2Ftags&post=5589"}],"curies":[{"name":"wp","href":"https:\/\/api.w.org\/{rel}","templated":true}]}}