{"id":5595,"date":"2018-02-04T12:48:51","date_gmt":"2018-02-04T12:48:51","guid":{"rendered":"http:\/\/www.cgt-hopital-manosque.fr\/?p=5595"},"modified":"2018-02-04T12:59:32","modified_gmt":"2018-02-04T12:59:32","slug":"4-fevrier-2018-dici-tv-temoignages-de-salariees-des-ehpad-du-departement-rassemblement-du-30-janvier-2018-a-digne-les-bains","status":"publish","type":"post","link":"http:\/\/www.cgt-hopital-manosque.fr\/?p=5595","title":{"rendered":"4 f\u00e9vrier 2018 &#8211; DICI TV &#8211; T\u00e9moignages de salari\u00e9es des EHPAD du d\u00e9partement &#8211; Rassemblement du 30 janvier 2018 \u00e0 Digne les Bains"},"content":{"rendered":"<p><a href=\"http:\/\/www.cgt-hopital-manosque.fr\/wp-content\/uploads\/2018\/02\/896.-Gr\u00e8ve-EHPAD-Digne-les-Bains.jpg\"><img loading=\"lazy\" decoding=\"async\" src=\"http:\/\/www.cgt-hopital-manosque.fr\/wp-content\/uploads\/2018\/02\/896.-Gr\u00e8ve-EHPAD-Digne-les-Bains.jpg\" alt=\"Gr\u00e8ve EHPAD Digne les Bains\" width=\"907\" height=\"511\" class=\"aligncenter size-full wp-image-5596\" srcset=\"http:\/\/www.cgt-hopital-manosque.fr\/wp-content\/uploads\/2018\/02\/896.-Gr\u00e8ve-EHPAD-Digne-les-Bains.jpg 907w, http:\/\/www.cgt-hopital-manosque.fr\/wp-content\/uploads\/2018\/02\/896.-Gr\u00e8ve-EHPAD-Digne-les-Bains-300x169.jpg 300w\" sizes=\"(max-width: 907px) 100vw, 907px\" \/><\/a><\/p>\n<p style= \"text-align: justify;\">\n<p style= \"text-align: justify;\"><strong> POUR VOIR LES TEMOIGNAGES DE SALARIEES DES EHPAD DU DEPARTEMENT LORS DU RASSEMBLEMENT A DIGNE LES BAINS DU 30 JANVIER 2018 : <a href=\"https:\/\/www.dici.fr\/actu\/2018\/01\/30\/personnel-ehpad-ont-manifeste-devant-conseil-departemental-de-digne-1103142\"target=\"_blank\">CLIQUER ICI<\/a><\/strong><\/p>\n<p style= \"text-align: justify;\">\n<p style= \"text-align: justify;\"><strong> POUR CONSULTER NOTRE DOSSIER COMPLET SUR LES EHPAD \/ EPS \/ MAISONS DE RETRAITE DU DEPARTEMENT (AVEC LES DIFFERENTS ARTICLES ET TRACTS), <a href=\"http:\/\/www.cgt-hopital-manosque.fr\/?p=5208\" target=\"_blank\">CLIQUER ICI<\/a><\/strong><\/p>\n","protected":false},"excerpt":{"rendered":"<p>POUR VOIR LES TEMOIGNAGES DE SALARIEES DES EHPAD DU DEPARTEMENT LORS DU RASSEMBLEMENT A DIGNE LES BAINS DU 30 JANVIER 2018 : CLIQUER ICI POUR CONSULTER NOTRE DOSSIER COMPLET SUR LES EHPAD \/ EPS \/ MAISONS DE RETRAITE DU DEPARTEMENT (AVEC LES DIFFERENTS ARTICLES ET TRACTS), CLIQUER ICI<\/p>\n","protected":false},"author":1,"featured_media":0,"comment_status":"closed","ping_status":"closed","sticky":false,"template":"","format":"standard","meta":{"footnotes":""},"categories":[7],"tags":[],"views":1823,"_links":{"self":[{"href":"http:\/\/www.cgt-hopital-manosque.fr\/index.php?rest_route=\/wp\/v2\/posts\/5595"}],"collection":[{"href":"http:\/\/www.cgt-hopital-manosque.fr\/index.php?rest_route=\/wp\/v2\/posts"}],"about":[{"href":"http:\/\/www.cgt-hopital-manosque.fr\/index.php?rest_route=\/wp\/v2\/types\/post"}],"author":[{"embeddable":true,"href":"http:\/\/www.cgt-hopital-manosque.fr\/index.php?rest_route=\/wp\/v2\/users\/1"}],"replies":[{"embeddable":true,"href":"http:\/\/www.cgt-hopital-manosque.fr\/index.php?rest_route=%2Fwp%2Fv2%2Fcomments&post=5595"}],"version-history":[{"count":4,"href":"http:\/\/www.cgt-hopital-manosque.fr\/index.php?rest_route=\/wp\/v2\/posts\/5595\/revisions"}],"predecessor-version":[{"id":5602,"href":"http:\/\/www.cgt-hopital-manosque.fr\/index.php?rest_route=\/wp\/v2\/posts\/5595\/revisions\/5602"}],"wp:attachment":[{"href":"http:\/\/www.cgt-hopital-manosque.fr\/index.php?rest_route=%2Fwp%2Fv2%2Fmedia&parent=5595"}],"wp:term":[{"taxonomy":"category","embeddable":true,"href":"http:\/\/www.cgt-hopital-manosque.fr\/index.php?rest_route=%2Fwp%2Fv2%2Fcategories&post=5595"},{"taxonomy":"post_tag","embeddable":true,"href":"http:\/\/www.cgt-hopital-manosque.fr\/index.php?rest_route=%2Fwp%2Fv2%2Ftags&post=5595"}],"curies":[{"name":"wp","href":"https:\/\/api.w.org\/{rel}","templated":true}]}}