{"id":5603,"date":"2018-02-04T18:50:51","date_gmt":"2018-02-04T18:50:51","guid":{"rendered":"http:\/\/www.cgt-hopital-manosque.fr\/?p=5603"},"modified":"2018-02-04T18:51:56","modified_gmt":"2018-02-04T18:51:56","slug":"5-fevrier-2018-le-journal-de-lud-cgt-04-du-mois-de-janvier-2018","status":"publish","type":"post","link":"http:\/\/www.cgt-hopital-manosque.fr\/?p=5603","title":{"rendered":"5 f\u00e9vrier 2018 &#8211; Le journal de l&rsquo;UD CGT 04 du mois de janvier 2018"},"content":{"rendered":"<p><a href=\"http:\/\/www.cgt-hopital-manosque.fr\/wp-content\/uploads\/2018\/02\/897.-Journal-UD-CGT-04-janvier-2018.jpg\"><img loading=\"lazy\" decoding=\"async\" src=\"http:\/\/www.cgt-hopital-manosque.fr\/wp-content\/uploads\/2018\/02\/897.-Journal-UD-CGT-04-janvier-2018.jpg\" alt=\"Journal UD CGT 04 janvier 2018\" width=\"639\" height=\"911\" class=\"aligncenter size-full wp-image-5604\" srcset=\"http:\/\/www.cgt-hopital-manosque.fr\/wp-content\/uploads\/2018\/02\/897.-Journal-UD-CGT-04-janvier-2018.jpg 639w, http:\/\/www.cgt-hopital-manosque.fr\/wp-content\/uploads\/2018\/02\/897.-Journal-UD-CGT-04-janvier-2018-210x300.jpg 210w\" sizes=\"(max-width: 639px) 100vw, 639px\" \/><\/a><\/p>\n<p style= \"text-align: justify;\"><strong><br \/>\nSommaire : <\/p>\n<p style= \"text-align: justify;\">Page 1 : Edito de Sylvain Moretti<\/p>\n<p style= \"text-align: justify;\">Page 2 : Rupture conventionnelle collective &#8211; Interview de Thomas Tyrner (Union Locale de Manosque) <\/p>\n<p style= \"text-align: justify;\">Page 3 : Formation de formateurs du 22 au 26 janvier &#8211; Interview de Cyril Arbez (CGT Territoriaux 04) <\/p>\n<p style= \"text-align: justify;\">Page 4 : Notre Dame Des Landes &#8211; T\u00e9moignage d&rsquo;Etienne D\u00e8cle <\/p>\n<p style= \"text-align: justify;\">Page 5 : Mobilisation des EHPAD du 30 janvier : une belle r\u00e9ussite \u00e0 renforcer &#8211; Interview de C\u00e9dric Volait, Coordinateur R\u00e9gional CGT Sant\u00e9 et Action Sociale PACA  <\/p>\n<p style= \"text-align: justify;\">Pages 6 et 7 : EHPAD : le m\u00e9pris de la ministre nous pousse \u00e0 accroitre la mobilisation &#8211; Interview de Malika B\u00e9larbi, en charge de l&rsquo;accueil des personnes \u00e2g\u00e9es au sein de la f\u00e9d\u00e9ration CGT Sant\u00e9 et Action Sociale<\/p>\n<p style= \"text-align: justify;\">Page 8 : Manifestation des cheminots du 8 f\u00e9vrier + divers actualit\u00e9s <\/p>\n<p style= \"text-align: justify;\">\n<p style= \"text-align: justify;\">\nPOUR CONSULTER LE JOURNAL COMPLET, <a href=\"http:\/\/www.cgt-hopital-manosque.fr\/wp-content\/uploads\/2018\/02\/897.-Journal-UD-CGT-04-janvier-2018.pdf\">CLIQUER ICI<\/a><br \/>\n<\/strong><\/p>\n","protected":false},"excerpt":{"rendered":"<p>Sommaire : Page 1 : Edito de Sylvain Moretti Page 2 : Rupture conventionnelle collective &#8211; Interview de Thomas Tyrner (Union Locale de Manosque) Page 3 : Formation de formateurs du 22 au 26 janvier &#8211; Interview de Cyril Arbez (CGT Territoriaux 04) Page 4 : Notre Dame Des Landes &#8211; T\u00e9moignage d&rsquo;Etienne D\u00e8cle Page [&hellip;]<\/p>\n","protected":false},"author":1,"featured_media":0,"comment_status":"closed","ping_status":"closed","sticky":false,"template":"","format":"standard","meta":{"footnotes":""},"categories":[7],"tags":[],"views":2021,"_links":{"self":[{"href":"http:\/\/www.cgt-hopital-manosque.fr\/index.php?rest_route=\/wp\/v2\/posts\/5603"}],"collection":[{"href":"http:\/\/www.cgt-hopital-manosque.fr\/index.php?rest_route=\/wp\/v2\/posts"}],"about":[{"href":"http:\/\/www.cgt-hopital-manosque.fr\/index.php?rest_route=\/wp\/v2\/types\/post"}],"author":[{"embeddable":true,"href":"http:\/\/www.cgt-hopital-manosque.fr\/index.php?rest_route=\/wp\/v2\/users\/1"}],"replies":[{"embeddable":true,"href":"http:\/\/www.cgt-hopital-manosque.fr\/index.php?rest_route=%2Fwp%2Fv2%2Fcomments&post=5603"}],"version-history":[{"count":2,"href":"http:\/\/www.cgt-hopital-manosque.fr\/index.php?rest_route=\/wp\/v2\/posts\/5603\/revisions"}],"predecessor-version":[{"id":5607,"href":"http:\/\/www.cgt-hopital-manosque.fr\/index.php?rest_route=\/wp\/v2\/posts\/5603\/revisions\/5607"}],"wp:attachment":[{"href":"http:\/\/www.cgt-hopital-manosque.fr\/index.php?rest_route=%2Fwp%2Fv2%2Fmedia&parent=5603"}],"wp:term":[{"taxonomy":"category","embeddable":true,"href":"http:\/\/www.cgt-hopital-manosque.fr\/index.php?rest_route=%2Fwp%2Fv2%2Fcategories&post=5603"},{"taxonomy":"post_tag","embeddable":true,"href":"http:\/\/www.cgt-hopital-manosque.fr\/index.php?rest_route=%2Fwp%2Fv2%2Ftags&post=5603"}],"curies":[{"name":"wp","href":"https:\/\/api.w.org\/{rel}","templated":true}]}}