{"id":5609,"date":"2018-02-06T20:25:55","date_gmt":"2018-02-06T20:25:55","guid":{"rendered":"http:\/\/www.cgt-hopital-manosque.fr\/?p=5609"},"modified":"2018-02-06T20:25:55","modified_gmt":"2018-02-06T20:25:55","slug":"7-fevrier-2018-une-mobilisation-generale-qui-permet-de-sauver-la-reanimation-au-chimm","status":"publish","type":"post","link":"http:\/\/www.cgt-hopital-manosque.fr\/?p=5609","title":{"rendered":"7 f\u00e9vrier 2018 &#8211; Une mobilisation g\u00e9n\u00e9rale qui permet de sauver la r\u00e9animation au CHIMM"},"content":{"rendered":"<p><a href=\"http:\/\/www.cgt-hopital-manosque.fr\/wp-content\/uploads\/2018\/02\/898.-GHT-Aust\u00e9rit\u00e9-H\u00f4pital-1.jpg\"><img loading=\"lazy\" decoding=\"async\" src=\"http:\/\/www.cgt-hopital-manosque.fr\/wp-content\/uploads\/2018\/02\/898.-GHT-Aust\u00e9rit\u00e9-H\u00f4pital-1.jpg\" alt=\"898. GHT Aust\u00e9rit\u00e9 H\u00f4pital (1)\" width=\"500\" height=\"461\" class=\"aligncenter size-full wp-image-5610\" srcset=\"http:\/\/www.cgt-hopital-manosque.fr\/wp-content\/uploads\/2018\/02\/898.-GHT-Aust\u00e9rit\u00e9-H\u00f4pital-1.jpg 500w, http:\/\/www.cgt-hopital-manosque.fr\/wp-content\/uploads\/2018\/02\/898.-GHT-Aust\u00e9rit\u00e9-H\u00f4pital-1-300x277.jpg 300w\" sizes=\"(max-width: 500px) 100vw, 500px\" \/><\/a><\/p>\n<p style= \"text-align: justify;\">\n<p><a href=\"http:\/\/www.cgt-hopital-manosque.fr\/wp-content\/uploads\/2018\/02\/898.-GHT-Aust\u00e9rit\u00e9-H\u00f4pital-2.jpg\"><img loading=\"lazy\" decoding=\"async\" src=\"http:\/\/www.cgt-hopital-manosque.fr\/wp-content\/uploads\/2018\/02\/898.-GHT-Aust\u00e9rit\u00e9-H\u00f4pital-2.jpg\" alt=\"898. GHT Aust\u00e9rit\u00e9 H\u00f4pital (2)\" width=\"774\" height=\"576\" class=\"aligncenter size-full wp-image-5611\" srcset=\"http:\/\/www.cgt-hopital-manosque.fr\/wp-content\/uploads\/2018\/02\/898.-GHT-Aust\u00e9rit\u00e9-H\u00f4pital-2.jpg 774w, http:\/\/www.cgt-hopital-manosque.fr\/wp-content\/uploads\/2018\/02\/898.-GHT-Aust\u00e9rit\u00e9-H\u00f4pital-2-300x223.jpg 300w\" sizes=\"(max-width: 774px) 100vw, 774px\" \/><\/a><\/p>\n<p style= \"text-align: justify;\">\n<p style= \"text-align: justify;\">Durant l&rsquo;\u00e9t\u00e9 2017, L&rsquo;ARS de la r\u00e9gion parisienne n&rsquo;a pas renouvel\u00e9 l&rsquo;autorisation du service de r\u00e9animation du Centre hospitalier de Meulan-Les Mureaux sans aucune concertation avec les \u00e9lus ni avec les praticiens. Il s\u2019agissait donc de la fermeture \u00e0 tr\u00e8s court terme du service de la r\u00e9animation du cet h\u00f4pital. <\/p>\n<p style= \"text-align: justify;\">Il est \u00e9vident que l\u2019ARS a voulu prendre tout le monde de vitesse en annon\u00e7ant cette d\u00e9cision \u00ab brutale \u00bb. C\u2019est le r\u00e9sultat de la mise en \u0153uvre d\u2019une politique d\u2019aust\u00e9rit\u00e9 qui se camoufle, en g\u00e9n\u00e9ral, derri\u00e8re les termes \u00ab rationalisation \u00bb, \u00ab synergies entre p\u00f4les d\u2019innovation \u00bb etc. <\/p>\n<p style= \"text-align: justify;\">Au del\u00e0 de la finalit\u00e9, les \u00e9conomies d\u2019\u00e9chelle, il faut s\u2019interroger sur le co\u00fbt des services \u00e0 la population apport\u00e9s par un h\u00f4pital de proximit\u00e9. La qualit\u00e9 est une denr\u00e9e rare dans la logique technocratique qui nous gouverne dans un contexte mondialis\u00e9 et global. <\/p>\n<p style= \"text-align: justify;\">Le proc\u00e9d\u00e9 est le m\u00eame, quels que soient la r\u00e9gion et le service public concern\u00e9 : la r\u00e9duction ou la fermeture est d\u00e9cid\u00e9e unilat\u00e9ralement, de pr\u00e9f\u00e9rence en p\u00e9riode estivale ; si aucune r\u00e9action ne se pr\u00e9sente, on avance et on ferme les services de proximit\u00e9. L\u2019ARS a \u00e9t\u00e9 contact\u00e9e, mais aucun retour n\u2019a \u00e9t\u00e9 donn\u00e9. <\/p>\n<p style= \"text-align: justify;\">Le CHIMM est la structure hospitali\u00e8re la plus rentable, la moins endett\u00e9e de la r\u00e9gion. Il repr\u00e9sente, chaque ann\u00e9e, environ six mille actes de services \u00e0 la population ainsi que vingt-cinq mille urgences et mille naissances \u00e0 la maternit\u00e9 de proximit\u00e9. <\/p>\n<p style= \"text-align: justify;\">A cette occasion toutes les forces en pr\u00e9sence se sont mobilis\u00e9es : les cadres, les m\u00e9decins, les syndicats, les \u00e9lus, les citoyens en d\u00e9non\u00e7ant cette d\u00e9cision injustice, technocratique et inacceptable. Les urgences, la chirurgie, la maternit\u00e9, et les autres services pourraient progressivement fermer ou devenir insignifiants pour la population d\u2019un bassin de vie important. A l&rsquo;unanimit\u00e9, et d&rsquo;une m\u00eame voix, ils ont d\u00e9nonc\u00e9 : \u00ab Moins de s\u00e9curit\u00e9 pour les patients ; moins d\u2019activit\u00e9 pour l\u2019h\u00f4pital, moins de soins pour les usagers, moins d\u2019emplois pour la r\u00e9gion. \u00bb <\/p>\n<p style= \"text-align: justify;\">De nombreuses actions ont \u00e9t\u00e9 initi\u00e9es : p\u00e9titions, rencontres, recours juridique, rassemblements. <\/p>\n<p style= \"text-align: justify;\">Le 1er f\u00e9vrier 2018 la d\u00e9cision est tomb\u00e9e : \u00ab\u00a0L\u2019Agence r\u00e9gionale de sant\u00e9 \u00cele-de-France renouvelle l\u2019autorisation du Centre hospitalier intercommunal de Meulan-les-Mureaux (CHIMM) d\u2019exercer l\u2019activit\u00e9 de r\u00e9animation dans le cadre du d\u00e9partement de soins critiques du Groupement Hospitalier de Territoire (GHT) Nord Yvelines.\u00a0\u00bb <\/p>\n<p style= \"text-align: justify;\">Cette victoire montre que, malgr\u00e9 le contexte aust\u00e9ritaire et n\u00e9o-lib\u00e9ral, des victoires sont possibles quand on met en \u0153uvre un processus en restant tous unis et d\u00e9termin\u00e9s. <\/p>\n","protected":false},"excerpt":{"rendered":"<p>Durant l&rsquo;\u00e9t\u00e9 2017, L&rsquo;ARS de la r\u00e9gion parisienne n&rsquo;a pas renouvel\u00e9 l&rsquo;autorisation du service de r\u00e9animation du Centre hospitalier de Meulan-Les Mureaux sans aucune concertation avec les \u00e9lus ni avec les praticiens. Il s\u2019agissait donc de la fermeture \u00e0 tr\u00e8s court terme du service de la r\u00e9animation du cet h\u00f4pital. Il est \u00e9vident que l\u2019ARS [&hellip;]<\/p>\n","protected":false},"author":1,"featured_media":0,"comment_status":"closed","ping_status":"closed","sticky":false,"template":"","format":"standard","meta":{"footnotes":""},"categories":[8],"tags":[],"views":1368,"_links":{"self":[{"href":"http:\/\/www.cgt-hopital-manosque.fr\/index.php?rest_route=\/wp\/v2\/posts\/5609"}],"collection":[{"href":"http:\/\/www.cgt-hopital-manosque.fr\/index.php?rest_route=\/wp\/v2\/posts"}],"about":[{"href":"http:\/\/www.cgt-hopital-manosque.fr\/index.php?rest_route=\/wp\/v2\/types\/post"}],"author":[{"embeddable":true,"href":"http:\/\/www.cgt-hopital-manosque.fr\/index.php?rest_route=\/wp\/v2\/users\/1"}],"replies":[{"embeddable":true,"href":"http:\/\/www.cgt-hopital-manosque.fr\/index.php?rest_route=%2Fwp%2Fv2%2Fcomments&post=5609"}],"version-history":[{"count":1,"href":"http:\/\/www.cgt-hopital-manosque.fr\/index.php?rest_route=\/wp\/v2\/posts\/5609\/revisions"}],"predecessor-version":[{"id":5612,"href":"http:\/\/www.cgt-hopital-manosque.fr\/index.php?rest_route=\/wp\/v2\/posts\/5609\/revisions\/5612"}],"wp:attachment":[{"href":"http:\/\/www.cgt-hopital-manosque.fr\/index.php?rest_route=%2Fwp%2Fv2%2Fmedia&parent=5609"}],"wp:term":[{"taxonomy":"category","embeddable":true,"href":"http:\/\/www.cgt-hopital-manosque.fr\/index.php?rest_route=%2Fwp%2Fv2%2Fcategories&post=5609"},{"taxonomy":"post_tag","embeddable":true,"href":"http:\/\/www.cgt-hopital-manosque.fr\/index.php?rest_route=%2Fwp%2Fv2%2Ftags&post=5609"}],"curies":[{"name":"wp","href":"https:\/\/api.w.org\/{rel}","templated":true}]}}