{"id":5619,"date":"2018-02-10T07:28:00","date_gmt":"2018-02-10T07:28:00","guid":{"rendered":"http:\/\/www.cgt-hopital-manosque.fr\/?p=5619"},"modified":"2018-02-10T07:28:00","modified_gmt":"2018-02-10T07:28:00","slug":"10-fevrier-2018-les-ehpad-lancent-un-ultimatum-a-emmanuel-macron-interview-alpes-1","status":"publish","type":"post","link":"http:\/\/www.cgt-hopital-manosque.fr\/?p=5619","title":{"rendered":"10 f\u00e9vrier 2018 &#8211; Les EHPAD lancent un ultimatum \u00e0 Emmanuel Macron &#8211; Interview Alpes 1"},"content":{"rendered":"<p><a href=\"http:\/\/www.cgt-hopital-manosque.fr\/wp-content\/uploads\/2018\/02\/900.-Gr\u00e8ve-EHPAD-maltraitance.jpg\"><img loading=\"lazy\" decoding=\"async\" src=\"http:\/\/www.cgt-hopital-manosque.fr\/wp-content\/uploads\/2018\/02\/900.-Gr\u00e8ve-EHPAD-maltraitance.jpg\" alt=\"900. Gr\u00e8ve EHPAD maltraitance\" width=\"1148\" height=\"1600\" class=\"aligncenter size-full wp-image-5620\" srcset=\"http:\/\/www.cgt-hopital-manosque.fr\/wp-content\/uploads\/2018\/02\/900.-Gr\u00e8ve-EHPAD-maltraitance.jpg 1148w, http:\/\/www.cgt-hopital-manosque.fr\/wp-content\/uploads\/2018\/02\/900.-Gr\u00e8ve-EHPAD-maltraitance-215x300.jpg 215w, http:\/\/www.cgt-hopital-manosque.fr\/wp-content\/uploads\/2018\/02\/900.-Gr\u00e8ve-EHPAD-maltraitance-735x1024.jpg 735w\" sizes=\"(max-width: 1148px) 100vw, 1148px\" \/><\/a><\/p>\n<p style= \"text-align: justify;\">\n<p><a href=\"http:\/\/www.cgt-hopital-manosque.fr\/wp-content\/uploads\/2018\/02\/900.-Radio-Alpes-1.jpg\"><img loading=\"lazy\" decoding=\"async\" src=\"http:\/\/www.cgt-hopital-manosque.fr\/wp-content\/uploads\/2018\/02\/900.-Radio-Alpes-1.jpg\" alt=\"900. Radio Alpes 1\" width=\"1880\" height=\"595\" class=\"aligncenter size-full wp-image-5621\" srcset=\"http:\/\/www.cgt-hopital-manosque.fr\/wp-content\/uploads\/2018\/02\/900.-Radio-Alpes-1.jpg 1880w, http:\/\/www.cgt-hopital-manosque.fr\/wp-content\/uploads\/2018\/02\/900.-Radio-Alpes-1-300x95.jpg 300w, http:\/\/www.cgt-hopital-manosque.fr\/wp-content\/uploads\/2018\/02\/900.-Radio-Alpes-1-1024x324.jpg 1024w\" sizes=\"(max-width: 1880px) 100vw, 1880px\" \/><\/a><\/p>\n<p style= \"text-align: justify;\">\n<p style= \"text-align: justify;\"><strong> POUR CONSULTER L&rsquo;INTERVIEW RADIO FAISANT UN POINT SUR LA SITUATION ET L&rsquo;ULTIMATUM LANC\u00c9 AU PR\u00c9SIDENT DE LA R\u00c9PUBLIQUE :  <a href=\"http:\/\/alpesdusud.alpes1.com\/news\/alpes-de-haute-provence\/66121\/alpes-de-haute-provence-les-ehpad-en-appellent-a-emmanuel-macron\"target=\"_blank\">CLIQUER ICI<\/a><\/strong><\/p>\n<p style= \"text-align: justify;\">\n<p style= \"text-align: justify;\"><strong> POUR CONSULTER NOTRE DOSSIER COMPLET SUR LES EHPAD \/ EPS \/ MAISONS DE RETRAITE DU DEPARTEMENT (AVEC LES DIFFERENTS ARTICLES ET TRACTS), <a href=\"http:\/\/www.cgt-hopital-manosque.fr\/?p=5208\" target=\"_blank\">CLIQUER ICI<\/a><\/strong><\/p>\n","protected":false},"excerpt":{"rendered":"<p>POUR CONSULTER L&rsquo;INTERVIEW RADIO FAISANT UN POINT SUR LA SITUATION ET L&rsquo;ULTIMATUM LANC\u00c9 AU PR\u00c9SIDENT DE LA R\u00c9PUBLIQUE : CLIQUER ICI POUR CONSULTER NOTRE DOSSIER COMPLET SUR LES EHPAD \/ EPS \/ MAISONS DE RETRAITE DU DEPARTEMENT (AVEC LES DIFFERENTS ARTICLES ET TRACTS), CLIQUER ICI<\/p>\n","protected":false},"author":1,"featured_media":0,"comment_status":"closed","ping_status":"closed","sticky":false,"template":"","format":"standard","meta":{"footnotes":""},"categories":[7],"tags":[],"views":2015,"_links":{"self":[{"href":"http:\/\/www.cgt-hopital-manosque.fr\/index.php?rest_route=\/wp\/v2\/posts\/5619"}],"collection":[{"href":"http:\/\/www.cgt-hopital-manosque.fr\/index.php?rest_route=\/wp\/v2\/posts"}],"about":[{"href":"http:\/\/www.cgt-hopital-manosque.fr\/index.php?rest_route=\/wp\/v2\/types\/post"}],"author":[{"embeddable":true,"href":"http:\/\/www.cgt-hopital-manosque.fr\/index.php?rest_route=\/wp\/v2\/users\/1"}],"replies":[{"embeddable":true,"href":"http:\/\/www.cgt-hopital-manosque.fr\/index.php?rest_route=%2Fwp%2Fv2%2Fcomments&post=5619"}],"version-history":[{"count":1,"href":"http:\/\/www.cgt-hopital-manosque.fr\/index.php?rest_route=\/wp\/v2\/posts\/5619\/revisions"}],"predecessor-version":[{"id":5622,"href":"http:\/\/www.cgt-hopital-manosque.fr\/index.php?rest_route=\/wp\/v2\/posts\/5619\/revisions\/5622"}],"wp:attachment":[{"href":"http:\/\/www.cgt-hopital-manosque.fr\/index.php?rest_route=%2Fwp%2Fv2%2Fmedia&parent=5619"}],"wp:term":[{"taxonomy":"category","embeddable":true,"href":"http:\/\/www.cgt-hopital-manosque.fr\/index.php?rest_route=%2Fwp%2Fv2%2Fcategories&post=5619"},{"taxonomy":"post_tag","embeddable":true,"href":"http:\/\/www.cgt-hopital-manosque.fr\/index.php?rest_route=%2Fwp%2Fv2%2Ftags&post=5619"}],"curies":[{"name":"wp","href":"https:\/\/api.w.org\/{rel}","templated":true}]}}