{"id":5624,"date":"2018-02-11T10:15:16","date_gmt":"2018-02-11T10:15:16","guid":{"rendered":"http:\/\/www.cgt-hopital-manosque.fr\/?p=5624"},"modified":"2018-02-11T10:15:16","modified_gmt":"2018-02-11T10:15:16","slug":"11-fevrier-2018-tract-rappels-a-domicile-sur-repos-et-conges","status":"publish","type":"post","link":"http:\/\/www.cgt-hopital-manosque.fr\/?p=5624","title":{"rendered":"11 f\u00e9vrier 2018 &#8211; Tract rappels \u00e0 domicile sur repos et cong\u00e9s"},"content":{"rendered":"<p><a href=\"http:\/\/www.cgt-hopital-manosque.fr\/wp-content\/uploads\/2018\/02\/901.-Tract-rappel-sur-repos-et-cong\u00e9s.jpg\"><img loading=\"lazy\" decoding=\"async\" src=\"http:\/\/www.cgt-hopital-manosque.fr\/wp-content\/uploads\/2018\/02\/901.-Tract-rappel-sur-repos-et-cong\u00e9s.jpg\" alt=\"Tract rappel \u00e0 domicile sur repos et cong\u00e9s\" width=\"631\" height=\"905\" class=\"aligncenter size-full wp-image-5625\" srcset=\"http:\/\/www.cgt-hopital-manosque.fr\/wp-content\/uploads\/2018\/02\/901.-Tract-rappel-sur-repos-et-cong\u00e9s.jpg 631w, http:\/\/www.cgt-hopital-manosque.fr\/wp-content\/uploads\/2018\/02\/901.-Tract-rappel-sur-repos-et-cong\u00e9s-209x300.jpg 209w\" sizes=\"(max-width: 631px) 100vw, 631px\" \/><\/a><\/p>\n","protected":false},"excerpt":{"rendered":"","protected":false},"author":1,"featured_media":0,"comment_status":"closed","ping_status":"closed","sticky":false,"template":"","format":"standard","meta":{"footnotes":""},"categories":[5],"tags":[],"views":1545,"_links":{"self":[{"href":"http:\/\/www.cgt-hopital-manosque.fr\/index.php?rest_route=\/wp\/v2\/posts\/5624"}],"collection":[{"href":"http:\/\/www.cgt-hopital-manosque.fr\/index.php?rest_route=\/wp\/v2\/posts"}],"about":[{"href":"http:\/\/www.cgt-hopital-manosque.fr\/index.php?rest_route=\/wp\/v2\/types\/post"}],"author":[{"embeddable":true,"href":"http:\/\/www.cgt-hopital-manosque.fr\/index.php?rest_route=\/wp\/v2\/users\/1"}],"replies":[{"embeddable":true,"href":"http:\/\/www.cgt-hopital-manosque.fr\/index.php?rest_route=%2Fwp%2Fv2%2Fcomments&post=5624"}],"version-history":[{"count":1,"href":"http:\/\/www.cgt-hopital-manosque.fr\/index.php?rest_route=\/wp\/v2\/posts\/5624\/revisions"}],"predecessor-version":[{"id":5626,"href":"http:\/\/www.cgt-hopital-manosque.fr\/index.php?rest_route=\/wp\/v2\/posts\/5624\/revisions\/5626"}],"wp:attachment":[{"href":"http:\/\/www.cgt-hopital-manosque.fr\/index.php?rest_route=%2Fwp%2Fv2%2Fmedia&parent=5624"}],"wp:term":[{"taxonomy":"category","embeddable":true,"href":"http:\/\/www.cgt-hopital-manosque.fr\/index.php?rest_route=%2Fwp%2Fv2%2Fcategories&post=5624"},{"taxonomy":"post_tag","embeddable":true,"href":"http:\/\/www.cgt-hopital-manosque.fr\/index.php?rest_route=%2Fwp%2Fv2%2Ftags&post=5624"}],"curies":[{"name":"wp","href":"https:\/\/api.w.org\/{rel}","templated":true}]}}