{"id":5649,"date":"2018-02-17T17:28:39","date_gmt":"2018-02-17T17:28:39","guid":{"rendered":"http:\/\/www.cgt-hopital-manosque.fr\/?p=5649"},"modified":"2018-02-18T19:20:32","modified_gmt":"2018-02-18T19:20:32","slug":"18-fevrier-2018-soigner-des-gens-ca-rend-malade-le-billet-de-nicole-ferroni-sur-france-inter","status":"publish","type":"post","link":"http:\/\/www.cgt-hopital-manosque.fr\/?p=5649","title":{"rendered":"18 f\u00e9vrier 2018 &#8211; \u00ab\u00a0Soigner des gens \u00e7a rend malade\u00a0\u00bb &#8211; Le billet de Nicole Ferroni sur France Inter"},"content":{"rendered":"<p><a href=\"http:\/\/www.cgt-hopital-manosque.fr\/wp-content\/uploads\/2018\/02\/905.-Soigner-des-gens-\u00e7a-rend-malade-Nicole-Ferroni.jpg\"><img loading=\"lazy\" decoding=\"async\" src=\"http:\/\/www.cgt-hopital-manosque.fr\/wp-content\/uploads\/2018\/02\/905.-Soigner-des-gens-\u00e7a-rend-malade-Nicole-Ferroni.jpg\" alt=\"Soigner des gens \u00e7a rend malade, Nicole Ferroni\" width=\"700\" height=\"350\" class=\"aligncenter size-full wp-image-5650\" srcset=\"http:\/\/www.cgt-hopital-manosque.fr\/wp-content\/uploads\/2018\/02\/905.-Soigner-des-gens-\u00e7a-rend-malade-Nicole-Ferroni.jpg 700w, http:\/\/www.cgt-hopital-manosque.fr\/wp-content\/uploads\/2018\/02\/905.-Soigner-des-gens-\u00e7a-rend-malade-Nicole-Ferroni-300x150.jpg 300w\" sizes=\"(max-width: 700px) 100vw, 700px\" \/><\/a><\/p>\n<p style= \"text-align: justify;\">\n<p style= \"text-align: justify;\">\nMadame Buzyn ne passe pas un bon moment. Elle sourit jaune en entendant toutes ces v\u00e9rit\u00e9s. Son minist\u00e8re de la sant\u00e9 devrait s&rsquo;appeler minist\u00e8re de la maladie et des m\u00e9dicaments puisqu&rsquo;il n&rsquo;y a que \u00e7a qui l&rsquo;int\u00e9resse, histoire que \u00e7a rapporte un peu plus aux grands groupes pharmaceutiques. D&rsquo;ailleurs \u00e0  la fin de son mandat, elle pourra certainement trouver un bon poste dans un labo pharmaceutique. <\/p>\n<p style= \"text-align: justify;\">\n <strong> POUR VOIR LA VIDEO : <a href=\"https:\/\/www.youtube.com\/watch?v=WuWXkzhGPzI\"target=\"_blank\">CLIQUER ICI<\/a><\/strong> <\/p>\n","protected":false},"excerpt":{"rendered":"<p>Madame Buzyn ne passe pas un bon moment. Elle sourit jaune en entendant toutes ces v\u00e9rit\u00e9s. Son minist\u00e8re de la sant\u00e9 devrait s&rsquo;appeler minist\u00e8re de la maladie et des m\u00e9dicaments puisqu&rsquo;il n&rsquo;y a que \u00e7a qui l&rsquo;int\u00e9resse, histoire que \u00e7a rapporte un peu plus aux grands groupes pharmaceutiques. D&rsquo;ailleurs \u00e0 la fin de son mandat, [&hellip;]<\/p>\n","protected":false},"author":1,"featured_media":0,"comment_status":"closed","ping_status":"closed","sticky":false,"template":"","format":"standard","meta":{"footnotes":""},"categories":[8],"tags":[],"views":1353,"_links":{"self":[{"href":"http:\/\/www.cgt-hopital-manosque.fr\/index.php?rest_route=\/wp\/v2\/posts\/5649"}],"collection":[{"href":"http:\/\/www.cgt-hopital-manosque.fr\/index.php?rest_route=\/wp\/v2\/posts"}],"about":[{"href":"http:\/\/www.cgt-hopital-manosque.fr\/index.php?rest_route=\/wp\/v2\/types\/post"}],"author":[{"embeddable":true,"href":"http:\/\/www.cgt-hopital-manosque.fr\/index.php?rest_route=\/wp\/v2\/users\/1"}],"replies":[{"embeddable":true,"href":"http:\/\/www.cgt-hopital-manosque.fr\/index.php?rest_route=%2Fwp%2Fv2%2Fcomments&post=5649"}],"version-history":[{"count":4,"href":"http:\/\/www.cgt-hopital-manosque.fr\/index.php?rest_route=\/wp\/v2\/posts\/5649\/revisions"}],"predecessor-version":[{"id":5654,"href":"http:\/\/www.cgt-hopital-manosque.fr\/index.php?rest_route=\/wp\/v2\/posts\/5649\/revisions\/5654"}],"wp:attachment":[{"href":"http:\/\/www.cgt-hopital-manosque.fr\/index.php?rest_route=%2Fwp%2Fv2%2Fmedia&parent=5649"}],"wp:term":[{"taxonomy":"category","embeddable":true,"href":"http:\/\/www.cgt-hopital-manosque.fr\/index.php?rest_route=%2Fwp%2Fv2%2Fcategories&post=5649"},{"taxonomy":"post_tag","embeddable":true,"href":"http:\/\/www.cgt-hopital-manosque.fr\/index.php?rest_route=%2Fwp%2Fv2%2Ftags&post=5649"}],"curies":[{"name":"wp","href":"https:\/\/api.w.org\/{rel}","templated":true}]}}