{"id":5655,"date":"2018-02-19T19:44:24","date_gmt":"2018-02-19T19:44:24","guid":{"rendered":"http:\/\/www.cgt-hopital-manosque.fr\/?p=5655"},"modified":"2018-02-19T19:45:14","modified_gmt":"2018-02-19T19:45:14","slug":"19-fevrier-2018-communique-journee-ehpad-du-15-mars-video-de-patrick-pelloux","status":"publish","type":"post","link":"http:\/\/www.cgt-hopital-manosque.fr\/?p=5655","title":{"rendered":"19 f\u00e9vrier 2018 &#8211; Communiqu\u00e9 journ\u00e9e EHPAD du 15 mars + Vid\u00e9o de Patrick Pelloux"},"content":{"rendered":"<p><a href=\"http:\/\/www.cgt-hopital-manosque.fr\/wp-content\/uploads\/2018\/02\/906.-Communiqu\u00e9-journ\u00e9e-EHPAD-15-mars-2018.jpg\"><img loading=\"lazy\" decoding=\"async\" src=\"http:\/\/www.cgt-hopital-manosque.fr\/wp-content\/uploads\/2018\/02\/906.-Communiqu\u00e9-journ\u00e9e-EHPAD-15-mars-2018.jpg\" alt=\"906. Communiqu\u00e9 journ\u00e9e EHPAD 15 mars 2018\" width=\"627\" height=\"913\" class=\"aligncenter size-full wp-image-5657\" srcset=\"http:\/\/www.cgt-hopital-manosque.fr\/wp-content\/uploads\/2018\/02\/906.-Communiqu\u00e9-journ\u00e9e-EHPAD-15-mars-2018.jpg 627w, http:\/\/www.cgt-hopital-manosque.fr\/wp-content\/uploads\/2018\/02\/906.-Communiqu\u00e9-journ\u00e9e-EHPAD-15-mars-2018-206x300.jpg 206w\" sizes=\"(max-width: 627px) 100vw, 627px\" \/><\/a><\/p>\n<p style= \"text-align: justify;\"><strong><br \/>\nPOUR CONSULTER LE COMMUNIQUE : <a href=\"http:\/\/www.cgt-hopital-manosque.fr\/wp-content\/uploads\/2018\/02\/906.-Communiqu\u00e9-EHPAD-15-mars-2018.pdf\">CLIQUER ICI<\/a><br \/>\n<\/strong><\/p>\n<p style= \"text-align: justify;\">\n<p><a href=\"http:\/\/www.cgt-hopital-manosque.fr\/wp-content\/uploads\/2018\/02\/906.-Patrick-Pelloux-demande-plus-de-moyens-pour-les-EHPAD.jpg\"><img loading=\"lazy\" decoding=\"async\" src=\"http:\/\/www.cgt-hopital-manosque.fr\/wp-content\/uploads\/2018\/02\/906.-Patrick-Pelloux-demande-plus-de-moyens-pour-les-EHPAD.jpg\" alt=\"Patrick Pelloux demande plus de moyens pour les EHPAD\" width=\"869\" height=\"493\" class=\"aligncenter size-full wp-image-5659\" srcset=\"http:\/\/www.cgt-hopital-manosque.fr\/wp-content\/uploads\/2018\/02\/906.-Patrick-Pelloux-demande-plus-de-moyens-pour-les-EHPAD.jpg 869w, http:\/\/www.cgt-hopital-manosque.fr\/wp-content\/uploads\/2018\/02\/906.-Patrick-Pelloux-demande-plus-de-moyens-pour-les-EHPAD-300x170.jpg 300w\" sizes=\"(max-width: 869px) 100vw, 869px\" \/><\/a><\/p>\n<p style= \"text-align: justify;\">  <strong> Patrick Pelloux demande plus de moyens pour les EHPAD : <\/strong> <\/p>\n<p style= \"text-align: justify;\">\n\u00ab\u00a0Vous imaginez ? Vous commencez \u00e0 7h du matin, vous avez 80 toilettes \u00e0 faire ? C\u2019est impossible.\u00a0\u00bb <\/p>\n<p style= \"text-align: justify;\">\nPlus de moyens pour les EHPAD pour la dignit\u00e9 des personnes \u00e2g\u00e9es et le respect des aides-soignants, c\u2019est ce que demande le m\u00e9decin urgentiste Patrick Pelloux dans une p\u00e9tition. <\/p>\n<p style= \"text-align: justify;\">\n <strong> POUR VOIR LA VIDEO : <a href=\"https:\/\/www.youtube.com\/watch?v=lhxEOzCJEko\n \"target=\"_blank\">CLIQUER ICI<\/a><\/strong> <\/p>\n<p style= \"text-align: justify;\">\n<p style= \"text-align: justify;\"><strong> POUR CONSULTER NOTRE DOSSIER COMPLET SUR LES EHPAD \/ EPS \/ MAISONS DE RETRAITE DU DEPARTEMENT (AVEC LES DIFFERENTS ARTICLES ET TRACTS), <a href=\"http:\/\/www.cgt-hopital-manosque.fr\/?p=5208\" target=\"_blank\">CLIQUER ICI<\/a><\/strong><\/p>\n","protected":false},"excerpt":{"rendered":"<p>POUR CONSULTER LE COMMUNIQUE : CLIQUER ICI Patrick Pelloux demande plus de moyens pour les EHPAD : \u00ab\u00a0Vous imaginez ? Vous commencez \u00e0 7h du matin, vous avez 80 toilettes \u00e0 faire ? C\u2019est impossible.\u00a0\u00bb Plus de moyens pour les EHPAD pour la dignit\u00e9 des personnes \u00e2g\u00e9es et le respect des aides-soignants, c\u2019est ce que [&hellip;]<\/p>\n","protected":false},"author":1,"featured_media":0,"comment_status":"closed","ping_status":"closed","sticky":false,"template":"","format":"standard","meta":{"footnotes":""},"categories":[8],"tags":[],"views":1810,"_links":{"self":[{"href":"http:\/\/www.cgt-hopital-manosque.fr\/index.php?rest_route=\/wp\/v2\/posts\/5655"}],"collection":[{"href":"http:\/\/www.cgt-hopital-manosque.fr\/index.php?rest_route=\/wp\/v2\/posts"}],"about":[{"href":"http:\/\/www.cgt-hopital-manosque.fr\/index.php?rest_route=\/wp\/v2\/types\/post"}],"author":[{"embeddable":true,"href":"http:\/\/www.cgt-hopital-manosque.fr\/index.php?rest_route=\/wp\/v2\/users\/1"}],"replies":[{"embeddable":true,"href":"http:\/\/www.cgt-hopital-manosque.fr\/index.php?rest_route=%2Fwp%2Fv2%2Fcomments&post=5655"}],"version-history":[{"count":4,"href":"http:\/\/www.cgt-hopital-manosque.fr\/index.php?rest_route=\/wp\/v2\/posts\/5655\/revisions"}],"predecessor-version":[{"id":5663,"href":"http:\/\/www.cgt-hopital-manosque.fr\/index.php?rest_route=\/wp\/v2\/posts\/5655\/revisions\/5663"}],"wp:attachment":[{"href":"http:\/\/www.cgt-hopital-manosque.fr\/index.php?rest_route=%2Fwp%2Fv2%2Fmedia&parent=5655"}],"wp:term":[{"taxonomy":"category","embeddable":true,"href":"http:\/\/www.cgt-hopital-manosque.fr\/index.php?rest_route=%2Fwp%2Fv2%2Fcategories&post=5655"},{"taxonomy":"post_tag","embeddable":true,"href":"http:\/\/www.cgt-hopital-manosque.fr\/index.php?rest_route=%2Fwp%2Fv2%2Ftags&post=5655"}],"curies":[{"name":"wp","href":"https:\/\/api.w.org\/{rel}","templated":true}]}}