{"id":5665,"date":"2018-02-20T18:08:45","date_gmt":"2018-02-20T18:08:45","guid":{"rendered":"http:\/\/www.cgt-hopital-manosque.fr\/?p=5665"},"modified":"2018-02-20T18:09:59","modified_gmt":"2018-02-20T18:09:59","slug":"20-fevrier-2018-le-fil-dactu-que-faire-de-nos-vieux","status":"publish","type":"post","link":"http:\/\/www.cgt-hopital-manosque.fr\/?p=5665","title":{"rendered":"20 f\u00e9vrier 2018 &#8211; Le fil d&rsquo;actu &#8211; Que faire de nos vieux ?"},"content":{"rendered":"<p><a href=\"http:\/\/www.cgt-hopital-manosque.fr\/wp-content\/uploads\/2018\/02\/907.-Le-fil-dactu-Que-faire-de-nos-vieux.jpg\"><img loading=\"lazy\" decoding=\"async\" src=\"http:\/\/www.cgt-hopital-manosque.fr\/wp-content\/uploads\/2018\/02\/907.-Le-fil-dactu-Que-faire-de-nos-vieux.jpg\" alt=\"Le fil d&#039;actu - Que faire de nos vieux\" width=\"782\" height=\"465\" class=\"aligncenter size-full wp-image-5666\" srcset=\"http:\/\/www.cgt-hopital-manosque.fr\/wp-content\/uploads\/2018\/02\/907.-Le-fil-dactu-Que-faire-de-nos-vieux.jpg 782w, http:\/\/www.cgt-hopital-manosque.fr\/wp-content\/uploads\/2018\/02\/907.-Le-fil-dactu-Que-faire-de-nos-vieux-300x178.jpg 300w\" sizes=\"(max-width: 782px) 100vw, 782px\" \/><\/a><\/p>\n<p style= \"text-align: justify;\">\nDes anciens laiss\u00e9s \u00e0 eux-m\u00eames faute de personnel soignant. Un nombre de r\u00e9sidents en constante augmentation, mais des capacit\u00e9s d&rsquo;accueil qui ne suivent pas. Des d\u00e9penses qui \u00e9crasent les familles&#8230; Dans la France de 2018, l&rsquo;\u00c9tat ferait-il passer des consid\u00e9rations comptables avant la dignit\u00e9 de nos papys ? Comment sortir les EHPAD de l&rsquo;impasse ? Cette semaine, le Fil d&rsquo;Actu s&rsquo;interroge sur la situation pr\u00e9sente et \u00e0 venir des maisons de retraite. <\/p>\n<p style= \"text-align: justify;\">\n <strong> POUR VOIR LA VIDEO : <a href=\"https:\/\/www.youtube.com\/watch?v=PXYxR7bpJsc\"target=\"_blank\">CLIQUER ICI<\/a><\/strong> <\/p>\n<p style= \"text-align: justify;\">\n<p style= \"text-align: justify;\"><strong> POUR CONSULTER NOTRE DOSSIER COMPLET SUR LES EHPAD \/ EPS \/ MAISONS DE RETRAITE DU DEPARTEMENT (AVEC LES DIFFERENTS ARTICLES ET TRACTS), <a href=\"http:\/\/www.cgt-hopital-manosque.fr\/?p=5208\" target=\"_blank\">CLIQUER ICI<\/a><\/strong><\/p>\n","protected":false},"excerpt":{"rendered":"<p>Des anciens laiss\u00e9s \u00e0 eux-m\u00eames faute de personnel soignant. Un nombre de r\u00e9sidents en constante augmentation, mais des capacit\u00e9s d&rsquo;accueil qui ne suivent pas. Des d\u00e9penses qui \u00e9crasent les familles&#8230; Dans la France de 2018, l&rsquo;\u00c9tat ferait-il passer des consid\u00e9rations comptables avant la dignit\u00e9 de nos papys ? Comment sortir les EHPAD de l&rsquo;impasse ? [&hellip;]<\/p>\n","protected":false},"author":1,"featured_media":0,"comment_status":"closed","ping_status":"closed","sticky":false,"template":"","format":"standard","meta":{"footnotes":""},"categories":[8],"tags":[],"views":1619,"_links":{"self":[{"href":"http:\/\/www.cgt-hopital-manosque.fr\/index.php?rest_route=\/wp\/v2\/posts\/5665"}],"collection":[{"href":"http:\/\/www.cgt-hopital-manosque.fr\/index.php?rest_route=\/wp\/v2\/posts"}],"about":[{"href":"http:\/\/www.cgt-hopital-manosque.fr\/index.php?rest_route=\/wp\/v2\/types\/post"}],"author":[{"embeddable":true,"href":"http:\/\/www.cgt-hopital-manosque.fr\/index.php?rest_route=\/wp\/v2\/users\/1"}],"replies":[{"embeddable":true,"href":"http:\/\/www.cgt-hopital-manosque.fr\/index.php?rest_route=%2Fwp%2Fv2%2Fcomments&post=5665"}],"version-history":[{"count":2,"href":"http:\/\/www.cgt-hopital-manosque.fr\/index.php?rest_route=\/wp\/v2\/posts\/5665\/revisions"}],"predecessor-version":[{"id":5668,"href":"http:\/\/www.cgt-hopital-manosque.fr\/index.php?rest_route=\/wp\/v2\/posts\/5665\/revisions\/5668"}],"wp:attachment":[{"href":"http:\/\/www.cgt-hopital-manosque.fr\/index.php?rest_route=%2Fwp%2Fv2%2Fmedia&parent=5665"}],"wp:term":[{"taxonomy":"category","embeddable":true,"href":"http:\/\/www.cgt-hopital-manosque.fr\/index.php?rest_route=%2Fwp%2Fv2%2Fcategories&post=5665"},{"taxonomy":"post_tag","embeddable":true,"href":"http:\/\/www.cgt-hopital-manosque.fr\/index.php?rest_route=%2Fwp%2Fv2%2Ftags&post=5665"}],"curies":[{"name":"wp","href":"https:\/\/api.w.org\/{rel}","templated":true}]}}