{"id":5671,"date":"2018-02-22T08:03:28","date_gmt":"2018-02-22T08:03:28","guid":{"rendered":"http:\/\/www.cgt-hopital-manosque.fr\/?p=5671"},"modified":"2018-02-22T08:04:47","modified_gmt":"2018-02-22T08:04:47","slug":"22-fevrier-2018-oui-oui-lhopital-entreprise-conduit-a-un-management-deshumanise","status":"publish","type":"post","link":"http:\/\/www.cgt-hopital-manosque.fr\/?p=5671","title":{"rendered":"22 f\u00e9vrier 2018 &#8211; Oui, oui, l&rsquo;h\u00f4pital entreprise conduit \u00e0 un management d\u00e9shumanis\u00e9 !"},"content":{"rendered":"<p><a href=\"http:\/\/www.cgt-hopital-manosque.fr\/wp-content\/uploads\/2018\/02\/908.-Encart-Options-f\u00e9vrier-2018.jpg\"><img loading=\"lazy\" decoding=\"async\" src=\"http:\/\/www.cgt-hopital-manosque.fr\/wp-content\/uploads\/2018\/02\/908.-Encart-Options-f\u00e9vrier-2018.jpg\" alt=\"Encart Options f\u00e9vrier 2018\" width=\"631\" height=\"892\" class=\"aligncenter size-full wp-image-5672\" srcset=\"http:\/\/www.cgt-hopital-manosque.fr\/wp-content\/uploads\/2018\/02\/908.-Encart-Options-f\u00e9vrier-2018.jpg 631w, http:\/\/www.cgt-hopital-manosque.fr\/wp-content\/uploads\/2018\/02\/908.-Encart-Options-f\u00e9vrier-2018-212x300.jpg 212w\" sizes=\"(max-width: 631px) 100vw, 631px\" \/><\/a><\/p>\n<p style= \"text-align: justify;\">\nSommaire de l\u2019encart Options n\u00b0 634 du 19 f\u00e9vrier 2018 \u00ab Le management mis en cause \u00bb\n<\/p>\n<p style= \"text-align: justify;\">\nPage 1 : Edito d&rsquo;Yves Richez (Directeur Hospitalier CGT)<br \/>\nPage 2 : Violences dans les \u00e9tablissements : \u00ab ce n\u2019est pas moi, c\u2019est l\u2019autre \u00bb (du Collectif Cadres de l&rsquo;UFMICT &#8211; CGT)<br \/>\nPages 3 et 4 : R\u00e9pondre correctement aux besoins exige un autre financement du service public mais aussi des directeurs proposant des alternatives de progr\u00e8s aux injonctions autoritaires.\n<\/p>\n<p style= \"text-align: justify;\"><strong><br \/>\nPOUR VOIR LE DOCUMENT COMPLET : <a href=\"http:\/\/www.cgt-hopital-manosque.fr\/wp-content\/uploads\/2018\/02\/908.-Options-n634.pdf\">CLIQUER ICI<\/a><br \/>\n<\/strong><\/p>\n","protected":false},"excerpt":{"rendered":"<p>Sommaire de l\u2019encart Options n\u00b0 634 du 19 f\u00e9vrier 2018 \u00ab Le management mis en cause \u00bb Page 1 : Edito d&rsquo;Yves Richez (Directeur Hospitalier CGT) Page 2 : Violences dans les \u00e9tablissements : \u00ab ce n\u2019est pas moi, c\u2019est l\u2019autre \u00bb (du Collectif Cadres de l&rsquo;UFMICT &#8211; CGT) Pages 3 et 4 : R\u00e9pondre [&hellip;]<\/p>\n","protected":false},"author":1,"featured_media":0,"comment_status":"closed","ping_status":"closed","sticky":false,"template":"","format":"standard","meta":{"footnotes":""},"categories":[8],"tags":[],"views":1484,"_links":{"self":[{"href":"http:\/\/www.cgt-hopital-manosque.fr\/index.php?rest_route=\/wp\/v2\/posts\/5671"}],"collection":[{"href":"http:\/\/www.cgt-hopital-manosque.fr\/index.php?rest_route=\/wp\/v2\/posts"}],"about":[{"href":"http:\/\/www.cgt-hopital-manosque.fr\/index.php?rest_route=\/wp\/v2\/types\/post"}],"author":[{"embeddable":true,"href":"http:\/\/www.cgt-hopital-manosque.fr\/index.php?rest_route=\/wp\/v2\/users\/1"}],"replies":[{"embeddable":true,"href":"http:\/\/www.cgt-hopital-manosque.fr\/index.php?rest_route=%2Fwp%2Fv2%2Fcomments&post=5671"}],"version-history":[{"count":3,"href":"http:\/\/www.cgt-hopital-manosque.fr\/index.php?rest_route=\/wp\/v2\/posts\/5671\/revisions"}],"predecessor-version":[{"id":5676,"href":"http:\/\/www.cgt-hopital-manosque.fr\/index.php?rest_route=\/wp\/v2\/posts\/5671\/revisions\/5676"}],"wp:attachment":[{"href":"http:\/\/www.cgt-hopital-manosque.fr\/index.php?rest_route=%2Fwp%2Fv2%2Fmedia&parent=5671"}],"wp:term":[{"taxonomy":"category","embeddable":true,"href":"http:\/\/www.cgt-hopital-manosque.fr\/index.php?rest_route=%2Fwp%2Fv2%2Fcategories&post=5671"},{"taxonomy":"post_tag","embeddable":true,"href":"http:\/\/www.cgt-hopital-manosque.fr\/index.php?rest_route=%2Fwp%2Fv2%2Ftags&post=5671"}],"curies":[{"name":"wp","href":"https:\/\/api.w.org\/{rel}","templated":true}]}}