{"id":5697,"date":"2018-02-27T08:07:42","date_gmt":"2018-02-27T08:07:42","guid":{"rendered":"http:\/\/www.cgt-hopital-manosque.fr\/?p=5697"},"modified":"2018-02-27T08:07:42","modified_gmt":"2018-02-27T08:07:42","slug":"27-fevrier-2018-cest-comme-ca-dans-les-ehpad-la-chanson-de-frederic-fromet","status":"publish","type":"post","link":"http:\/\/www.cgt-hopital-manosque.fr\/?p=5697","title":{"rendered":"27 f\u00e9vrier 2018 &#8211; C&rsquo;est comme \u00e7a (Dans les EHPAD) &#8211; La chanson de Fr\u00e9d\u00e9ric Fromet"},"content":{"rendered":"<p><a href=\"http:\/\/www.cgt-hopital-manosque.fr\/wp-content\/uploads\/2018\/02\/911.-Cest-comme-\u00e7a-Dans-les-EHPAD-Fr\u00e9d\u00e9ric-Fromet.jpg\"><img loading=\"lazy\" decoding=\"async\" src=\"http:\/\/www.cgt-hopital-manosque.fr\/wp-content\/uploads\/2018\/02\/911.-Cest-comme-\u00e7a-Dans-les-EHPAD-Fr\u00e9d\u00e9ric-Fromet.jpg\" alt=\"C&#039;est comme \u00e7a (Dans les EHPAD) - Fr\u00e9d\u00e9ric Fromet\" width=\"871\" height=\"495\" class=\"aligncenter size-full wp-image-5698\" srcset=\"http:\/\/www.cgt-hopital-manosque.fr\/wp-content\/uploads\/2018\/02\/911.-Cest-comme-\u00e7a-Dans-les-EHPAD-Fr\u00e9d\u00e9ric-Fromet.jpg 871w, http:\/\/www.cgt-hopital-manosque.fr\/wp-content\/uploads\/2018\/02\/911.-Cest-comme-\u00e7a-Dans-les-EHPAD-Fr\u00e9d\u00e9ric-Fromet-300x170.jpg 300w\" sizes=\"(max-width: 871px) 100vw, 871px\" \/><\/a><\/p>\n<p style= \"text-align: justify;\">\n<p style= \"text-align: justify;\">\n <strong> POUR VOIR LA VIDEO : <a href=\"https:\/\/www.youtube.com\/watch?v=esXajN_1dGI\"target=\"_blank\">CLIQUER ICI<\/a><\/strong> <\/p>\n<p style= \"text-align: justify;\">\n<p style= \"text-align: justify;\"><strong> POUR CONSULTER NOTRE DOSSIER COMPLET SUR LES EHPAD \/ EPS \/ MAISONS DE RETRAITE DU DEPARTEMENT (AVEC LES DIFFERENTS ARTICLES ET TRACTS), <a href=\"http:\/\/www.cgt-hopital-manosque.fr\/?p=5208\" target=\"_blank\">CLIQUER ICI<\/a><\/strong><\/p>\n","protected":false},"excerpt":{"rendered":"<p>POUR VOIR LA VIDEO : CLIQUER ICI POUR CONSULTER NOTRE DOSSIER COMPLET SUR LES EHPAD \/ EPS \/ MAISONS DE RETRAITE DU DEPARTEMENT (AVEC LES DIFFERENTS ARTICLES ET TRACTS), CLIQUER ICI<\/p>\n","protected":false},"author":1,"featured_media":0,"comment_status":"closed","ping_status":"closed","sticky":false,"template":"","format":"standard","meta":{"footnotes":""},"categories":[8],"tags":[],"views":1848,"_links":{"self":[{"href":"http:\/\/www.cgt-hopital-manosque.fr\/index.php?rest_route=\/wp\/v2\/posts\/5697"}],"collection":[{"href":"http:\/\/www.cgt-hopital-manosque.fr\/index.php?rest_route=\/wp\/v2\/posts"}],"about":[{"href":"http:\/\/www.cgt-hopital-manosque.fr\/index.php?rest_route=\/wp\/v2\/types\/post"}],"author":[{"embeddable":true,"href":"http:\/\/www.cgt-hopital-manosque.fr\/index.php?rest_route=\/wp\/v2\/users\/1"}],"replies":[{"embeddable":true,"href":"http:\/\/www.cgt-hopital-manosque.fr\/index.php?rest_route=%2Fwp%2Fv2%2Fcomments&post=5697"}],"version-history":[{"count":1,"href":"http:\/\/www.cgt-hopital-manosque.fr\/index.php?rest_route=\/wp\/v2\/posts\/5697\/revisions"}],"predecessor-version":[{"id":5699,"href":"http:\/\/www.cgt-hopital-manosque.fr\/index.php?rest_route=\/wp\/v2\/posts\/5697\/revisions\/5699"}],"wp:attachment":[{"href":"http:\/\/www.cgt-hopital-manosque.fr\/index.php?rest_route=%2Fwp%2Fv2%2Fmedia&parent=5697"}],"wp:term":[{"taxonomy":"category","embeddable":true,"href":"http:\/\/www.cgt-hopital-manosque.fr\/index.php?rest_route=%2Fwp%2Fv2%2Fcategories&post=5697"},{"taxonomy":"post_tag","embeddable":true,"href":"http:\/\/www.cgt-hopital-manosque.fr\/index.php?rest_route=%2Fwp%2Fv2%2Ftags&post=5697"}],"curies":[{"name":"wp","href":"https:\/\/api.w.org\/{rel}","templated":true}]}}