{"id":5716,"date":"2018-03-05T07:50:23","date_gmt":"2018-03-05T07:50:23","guid":{"rendered":"http:\/\/www.cgt-hopital-manosque.fr\/?p=5716"},"modified":"2018-03-05T07:50:23","modified_gmt":"2018-03-05T07:50:23","slug":"5-mars-2018-video-depart-la-retraite-dans-la-fph-comment-ca-marche","status":"publish","type":"post","link":"http:\/\/www.cgt-hopital-manosque.fr\/?p=5716","title":{"rendered":"5 mars 2018 &#8211; Vid\u00e9o &#8211; D\u00e9part la retraite dans la FPH : comment \u00e7a marche ?"},"content":{"rendered":"<p><a href=\"http:\/\/www.cgt-hopital-manosque.fr\/wp-content\/uploads\/2018\/03\/916.-D\u00e9parts-\u00e0-la-retraite-FPH-h\u00f4pital.jpg\"><img loading=\"lazy\" decoding=\"async\" src=\"http:\/\/www.cgt-hopital-manosque.fr\/wp-content\/uploads\/2018\/03\/916.-D\u00e9parts-\u00e0-la-retraite-FPH-h\u00f4pital.jpg\" alt=\"D\u00e9parts \u00e0 la retraite FPH h\u00f4pital\" width=\"868\" height=\"477\" class=\"aligncenter size-full wp-image-5717\" srcset=\"http:\/\/www.cgt-hopital-manosque.fr\/wp-content\/uploads\/2018\/03\/916.-D\u00e9parts-\u00e0-la-retraite-FPH-h\u00f4pital.jpg 868w, http:\/\/www.cgt-hopital-manosque.fr\/wp-content\/uploads\/2018\/03\/916.-D\u00e9parts-\u00e0-la-retraite-FPH-h\u00f4pital-300x165.jpg 300w\" sizes=\"(max-width: 868px) 100vw, 868px\" \/><\/a><\/p>\n<p style= \"text-align: justify;\">\nIl existe 11 types de d\u00e9parts \u00e0 la retraite : 6 li\u00e9s \u00e0 la carri\u00e8re et 5 li\u00e9s \u00e0 la situation  personnelle du fonctionnaire.\n<\/p>\n<p style= \"text-align: justify;\">\n <strong> POUR VOIR LA VIDEO : <a href=\"https:\/\/www.youtube.com\/watch?v=b31GJ8-zrjw&#038;sns=fb\n\"target=\"_blank\">CLIQUER ICI<\/a><\/strong> <\/p>\n","protected":false},"excerpt":{"rendered":"<p>Il existe 11 types de d\u00e9parts \u00e0 la retraite : 6 li\u00e9s \u00e0 la carri\u00e8re et 5 li\u00e9s \u00e0 la situation personnelle du fonctionnaire. POUR VOIR LA VIDEO : CLIQUER ICI<\/p>\n","protected":false},"author":1,"featured_media":0,"comment_status":"closed","ping_status":"closed","sticky":false,"template":"","format":"standard","meta":{"footnotes":""},"categories":[5],"tags":[],"views":1179,"_links":{"self":[{"href":"http:\/\/www.cgt-hopital-manosque.fr\/index.php?rest_route=\/wp\/v2\/posts\/5716"}],"collection":[{"href":"http:\/\/www.cgt-hopital-manosque.fr\/index.php?rest_route=\/wp\/v2\/posts"}],"about":[{"href":"http:\/\/www.cgt-hopital-manosque.fr\/index.php?rest_route=\/wp\/v2\/types\/post"}],"author":[{"embeddable":true,"href":"http:\/\/www.cgt-hopital-manosque.fr\/index.php?rest_route=\/wp\/v2\/users\/1"}],"replies":[{"embeddable":true,"href":"http:\/\/www.cgt-hopital-manosque.fr\/index.php?rest_route=%2Fwp%2Fv2%2Fcomments&post=5716"}],"version-history":[{"count":1,"href":"http:\/\/www.cgt-hopital-manosque.fr\/index.php?rest_route=\/wp\/v2\/posts\/5716\/revisions"}],"predecessor-version":[{"id":5718,"href":"http:\/\/www.cgt-hopital-manosque.fr\/index.php?rest_route=\/wp\/v2\/posts\/5716\/revisions\/5718"}],"wp:attachment":[{"href":"http:\/\/www.cgt-hopital-manosque.fr\/index.php?rest_route=%2Fwp%2Fv2%2Fmedia&parent=5716"}],"wp:term":[{"taxonomy":"category","embeddable":true,"href":"http:\/\/www.cgt-hopital-manosque.fr\/index.php?rest_route=%2Fwp%2Fv2%2Fcategories&post=5716"},{"taxonomy":"post_tag","embeddable":true,"href":"http:\/\/www.cgt-hopital-manosque.fr\/index.php?rest_route=%2Fwp%2Fv2%2Ftags&post=5716"}],"curies":[{"name":"wp","href":"https:\/\/api.w.org\/{rel}","templated":true}]}}