{"id":5719,"date":"2018-03-07T21:22:29","date_gmt":"2018-03-07T21:22:29","guid":{"rendered":"http:\/\/www.cgt-hopital-manosque.fr\/?p=5719"},"modified":"2018-03-07T21:24:08","modified_gmt":"2018-03-07T21:24:08","slug":"7-mars-2018-le-8-mars-journee-de-lutte-pour-les-droits-des-femmes","status":"publish","type":"post","link":"http:\/\/www.cgt-hopital-manosque.fr\/?p=5719","title":{"rendered":"7 mars 2018 &#8211; Le 8 mars : journ\u00e9e de lutte pour les droits des femmes"},"content":{"rendered":"<p><a href=\"http:\/\/www.cgt-hopital-manosque.fr\/wp-content\/uploads\/2018\/03\/917.-Journ\u00e9e-droits-femme-8-mars.png\"><img loading=\"lazy\" decoding=\"async\" src=\"http:\/\/www.cgt-hopital-manosque.fr\/wp-content\/uploads\/2018\/03\/917.-Journ\u00e9e-droits-femme-8-mars.png\" alt=\"917. Journ\u00e9e droits femme 8 mars\" width=\"578\" height=\"669\" class=\"aligncenter size-full wp-image-5720\" srcset=\"http:\/\/www.cgt-hopital-manosque.fr\/wp-content\/uploads\/2018\/03\/917.-Journ\u00e9e-droits-femme-8-mars.png 578w, http:\/\/www.cgt-hopital-manosque.fr\/wp-content\/uploads\/2018\/03\/917.-Journ\u00e9e-droits-femme-8-mars-259x300.png 259w\" sizes=\"(max-width: 578px) 100vw, 578px\" \/><\/a><\/p>\n<p style= \"text-align: justify;\"><strong><br \/>\nLe 8 mars est la journ\u00e9e internationale de convergences des luttes des femmes. Les luttes f\u00e9ministes ont permis de conqu\u00e9rir des droits pour progresser vers l\u2019\u00e9galit\u00e9 entre les femmes et les hommes. Pourtant cette \u00e9galit\u00e9 est loin d\u2019\u00eatre effective. C\u2019est pourquoi la journ\u00e9e du 8 mars ne se f\u00eate pas, n\u2019est surtout pas la journ\u00e9e des femmes mais bien celle pour la lutte pour les droits des femmes. L\u2019\u00e9galit\u00e9 entre les femmes et les hommes est pour la CGT incontournable. <\/p>\n<p style= \"text-align: justify;\">\nCi-joint un tract \u00e0 partager sans mod\u00e9ration : <a href=\"http:\/\/www.cgt-hopital-manosque.fr\/wp-content\/uploads\/2018\/03\/917.-Tract_8mars_0218.pdf\">CLIQUER ICI<\/a>\n<\/p>\n<p style= \"text-align: justify;\">\nBonnes luttes !!!\n<\/p>\n<p><\/strong><\/p>\n","protected":false},"excerpt":{"rendered":"<p>Le 8 mars est la journ\u00e9e internationale de convergences des luttes des femmes. Les luttes f\u00e9ministes ont permis de conqu\u00e9rir des droits pour progresser vers l\u2019\u00e9galit\u00e9 entre les femmes et les hommes. Pourtant cette \u00e9galit\u00e9 est loin d\u2019\u00eatre effective. C\u2019est pourquoi la journ\u00e9e du 8 mars ne se f\u00eate pas, n\u2019est surtout pas la journ\u00e9e [&hellip;]<\/p>\n","protected":false},"author":1,"featured_media":0,"comment_status":"closed","ping_status":"closed","sticky":false,"template":"","format":"standard","meta":{"footnotes":""},"categories":[5],"tags":[],"views":1215,"_links":{"self":[{"href":"http:\/\/www.cgt-hopital-manosque.fr\/index.php?rest_route=\/wp\/v2\/posts\/5719"}],"collection":[{"href":"http:\/\/www.cgt-hopital-manosque.fr\/index.php?rest_route=\/wp\/v2\/posts"}],"about":[{"href":"http:\/\/www.cgt-hopital-manosque.fr\/index.php?rest_route=\/wp\/v2\/types\/post"}],"author":[{"embeddable":true,"href":"http:\/\/www.cgt-hopital-manosque.fr\/index.php?rest_route=\/wp\/v2\/users\/1"}],"replies":[{"embeddable":true,"href":"http:\/\/www.cgt-hopital-manosque.fr\/index.php?rest_route=%2Fwp%2Fv2%2Fcomments&post=5719"}],"version-history":[{"count":2,"href":"http:\/\/www.cgt-hopital-manosque.fr\/index.php?rest_route=\/wp\/v2\/posts\/5719\/revisions"}],"predecessor-version":[{"id":5723,"href":"http:\/\/www.cgt-hopital-manosque.fr\/index.php?rest_route=\/wp\/v2\/posts\/5719\/revisions\/5723"}],"wp:attachment":[{"href":"http:\/\/www.cgt-hopital-manosque.fr\/index.php?rest_route=%2Fwp%2Fv2%2Fmedia&parent=5719"}],"wp:term":[{"taxonomy":"category","embeddable":true,"href":"http:\/\/www.cgt-hopital-manosque.fr\/index.php?rest_route=%2Fwp%2Fv2%2Fcategories&post=5719"},{"taxonomy":"post_tag","embeddable":true,"href":"http:\/\/www.cgt-hopital-manosque.fr\/index.php?rest_route=%2Fwp%2Fv2%2Ftags&post=5719"}],"curies":[{"name":"wp","href":"https:\/\/api.w.org\/{rel}","templated":true}]}}