{"id":5724,"date":"2018-03-08T06:13:11","date_gmt":"2018-03-08T06:13:11","guid":{"rendered":"http:\/\/www.cgt-hopital-manosque.fr\/?p=5724"},"modified":"2018-03-08T06:13:11","modified_gmt":"2018-03-08T06:13:11","slug":"8-mars-2018-debat-public-lundi-12-mars-quelle-sante-et-quel-acces-aux-soins-dans-le-04-et-dans-le-bassin-dignois","status":"publish","type":"post","link":"http:\/\/www.cgt-hopital-manosque.fr\/?p=5724","title":{"rendered":"8 mars 2018 &#8211; D\u00e9bat public &#8211; Lundi 12 mars &#8211; Quelle sant\u00e9 et quel acc\u00e8s aux soins dans le 04 et dans le bassin dignois ?"},"content":{"rendered":"<p><a href=\"http:\/\/www.cgt-hopital-manosque.fr\/wp-content\/uploads\/2018\/03\/918.-D\u00e9bat-offre-de-soins-avec-Christophe-Prudhomme-1.jpg\"><img loading=\"lazy\" decoding=\"async\" src=\"http:\/\/www.cgt-hopital-manosque.fr\/wp-content\/uploads\/2018\/03\/918.-D\u00e9bat-offre-de-soins-avec-Christophe-Prudhomme-1.jpg\" alt=\"D\u00e9bat offre de soins avec Christophe Prudhomme (1)\" width=\"960\" height=\"720\" class=\"aligncenter size-full wp-image-5725\" srcset=\"http:\/\/www.cgt-hopital-manosque.fr\/wp-content\/uploads\/2018\/03\/918.-D\u00e9bat-offre-de-soins-avec-Christophe-Prudhomme-1.jpg 960w, http:\/\/www.cgt-hopital-manosque.fr\/wp-content\/uploads\/2018\/03\/918.-D\u00e9bat-offre-de-soins-avec-Christophe-Prudhomme-1-300x225.jpg 300w\" sizes=\"(max-width: 960px) 100vw, 960px\" \/><\/a><\/p>\n<p style= \"text-align: justify;\">\n<p><a href=\"http:\/\/www.cgt-hopital-manosque.fr\/wp-content\/uploads\/2018\/03\/918.-D\u00e9bat-offre-de-soins-avec-Christophe-Prudhomme-2.jpg\"><img loading=\"lazy\" decoding=\"async\" src=\"http:\/\/www.cgt-hopital-manosque.fr\/wp-content\/uploads\/2018\/03\/918.-D\u00e9bat-offre-de-soins-avec-Christophe-Prudhomme-2.jpg\" alt=\"D\u00e9bat offre de soins avec Christophe Prudhomme (2)\" width=\"960\" height=\"720\" class=\"aligncenter size-full wp-image-5726\" srcset=\"http:\/\/www.cgt-hopital-manosque.fr\/wp-content\/uploads\/2018\/03\/918.-D\u00e9bat-offre-de-soins-avec-Christophe-Prudhomme-2.jpg 960w, http:\/\/www.cgt-hopital-manosque.fr\/wp-content\/uploads\/2018\/03\/918.-D\u00e9bat-offre-de-soins-avec-Christophe-Prudhomme-2-300x225.jpg 300w\" sizes=\"(max-width: 960px) 100vw, 960px\" \/><\/a><\/p>\n<p style= \"text-align: justify;\">\n<p><a href=\"http:\/\/www.cgt-hopital-manosque.fr\/wp-content\/uploads\/2018\/03\/918.-Affiche-d\u00e9bat-public-CGT-Sant\u00e9-04-.jpg\"><img loading=\"lazy\" decoding=\"async\" src=\"http:\/\/www.cgt-hopital-manosque.fr\/wp-content\/uploads\/2018\/03\/918.-Affiche-d\u00e9bat-public-CGT-Sant\u00e9-04-.jpg\" alt=\"Affiche d\u00e9bat public CGT Sant\u00e9 04\" width=\"1240\" height=\"1754\" class=\"aligncenter size-full wp-image-5727\" srcset=\"http:\/\/www.cgt-hopital-manosque.fr\/wp-content\/uploads\/2018\/03\/918.-Affiche-d\u00e9bat-public-CGT-Sant\u00e9-04-.jpg 1240w, http:\/\/www.cgt-hopital-manosque.fr\/wp-content\/uploads\/2018\/03\/918.-Affiche-d\u00e9bat-public-CGT-Sant\u00e9-04--212x300.jpg 212w, http:\/\/www.cgt-hopital-manosque.fr\/wp-content\/uploads\/2018\/03\/918.-Affiche-d\u00e9bat-public-CGT-Sant\u00e9-04--724x1024.jpg 724w\" sizes=\"(max-width: 1240px) 100vw, 1240px\" \/><\/a><\/p>\n","protected":false},"excerpt":{"rendered":"","protected":false},"author":1,"featured_media":0,"comment_status":"closed","ping_status":"closed","sticky":false,"template":"","format":"standard","meta":{"footnotes":""},"categories":[4],"tags":[],"views":1248,"_links":{"self":[{"href":"http:\/\/www.cgt-hopital-manosque.fr\/index.php?rest_route=\/wp\/v2\/posts\/5724"}],"collection":[{"href":"http:\/\/www.cgt-hopital-manosque.fr\/index.php?rest_route=\/wp\/v2\/posts"}],"about":[{"href":"http:\/\/www.cgt-hopital-manosque.fr\/index.php?rest_route=\/wp\/v2\/types\/post"}],"author":[{"embeddable":true,"href":"http:\/\/www.cgt-hopital-manosque.fr\/index.php?rest_route=\/wp\/v2\/users\/1"}],"replies":[{"embeddable":true,"href":"http:\/\/www.cgt-hopital-manosque.fr\/index.php?rest_route=%2Fwp%2Fv2%2Fcomments&post=5724"}],"version-history":[{"count":1,"href":"http:\/\/www.cgt-hopital-manosque.fr\/index.php?rest_route=\/wp\/v2\/posts\/5724\/revisions"}],"predecessor-version":[{"id":5728,"href":"http:\/\/www.cgt-hopital-manosque.fr\/index.php?rest_route=\/wp\/v2\/posts\/5724\/revisions\/5728"}],"wp:attachment":[{"href":"http:\/\/www.cgt-hopital-manosque.fr\/index.php?rest_route=%2Fwp%2Fv2%2Fmedia&parent=5724"}],"wp:term":[{"taxonomy":"category","embeddable":true,"href":"http:\/\/www.cgt-hopital-manosque.fr\/index.php?rest_route=%2Fwp%2Fv2%2Fcategories&post=5724"},{"taxonomy":"post_tag","embeddable":true,"href":"http:\/\/www.cgt-hopital-manosque.fr\/index.php?rest_route=%2Fwp%2Fv2%2Ftags&post=5724"}],"curies":[{"name":"wp","href":"https:\/\/api.w.org\/{rel}","templated":true}]}}