{"id":5734,"date":"2018-03-10T15:40:55","date_gmt":"2018-03-10T15:40:55","guid":{"rendered":"http:\/\/www.cgt-hopital-manosque.fr\/?p=5734"},"modified":"2018-03-10T15:44:52","modified_gmt":"2018-03-10T15:44:52","slug":"10-mars-2018-greve-et-mobilisation-du-22-mars-tract-ud-cgt-04","status":"publish","type":"post","link":"http:\/\/www.cgt-hopital-manosque.fr\/?p=5734","title":{"rendered":"10 mars 2018 &#8211; Gr\u00e8ve et mobilisation du 22 mars &#8211; Tract UD CGT 04 et Message CGT H\u00f4pital de Manosque"},"content":{"rendered":"<p><a href=\"http:\/\/www.cgt-hopital-manosque.fr\/wp-content\/uploads\/2018\/03\/920.-Tract-UD-unitaire-22-mars.jpg\"><img loading=\"lazy\" decoding=\"async\" src=\"http:\/\/www.cgt-hopital-manosque.fr\/wp-content\/uploads\/2018\/03\/920.-Tract-UD-unitaire-22-mars.jpg\" alt=\"Tract UD unitaire 22 mars\" width=\"1240\" height=\"1754\" class=\"aligncenter size-full wp-image-5735\" srcset=\"http:\/\/www.cgt-hopital-manosque.fr\/wp-content\/uploads\/2018\/03\/920.-Tract-UD-unitaire-22-mars.jpg 1240w, http:\/\/www.cgt-hopital-manosque.fr\/wp-content\/uploads\/2018\/03\/920.-Tract-UD-unitaire-22-mars-212x300.jpg 212w, http:\/\/www.cgt-hopital-manosque.fr\/wp-content\/uploads\/2018\/03\/920.-Tract-UD-unitaire-22-mars-724x1024.jpg 724w\" sizes=\"(max-width: 1240px) 100vw, 1240px\" \/><\/a><\/p>\n<p style= \"text-align: justify;\">\n<p style= \"text-align: justify;\">Bonjour, <\/p>\n<p style= \"text-align: justify;\">Les puissants de ce monde,  le march\u00e9, ont mis au pouvoir Macron, pour appliquer une feuille de route pr\u00e9cise : D\u00e9r\u00e9glementer, appauvrir et d\u00e9manteler les services publics, ouvrir tous les secteurs \u00e0 la concurrence, d\u00e9truire les protections des salari\u00e9s et des citoyens. Il s&rsquo;agit de casser les trois piliers de notre mod\u00e8le social : Le droit du travail, la s\u00e9curit\u00e9 sociale et les services publics. <\/p>\n<p style= \"text-align: justify;\">Macron se pr\u00e9sentait comme un pr\u00e9sident Jupit\u00e9rien, c\u2019est en fait un pr\u00e9sident Attila (comme lui, \u00ab\u00a0L\u00e0 o\u00f9 il passe\u2026l&rsquo;herbe tr\u00e9passe\u00a0\u00bb).<\/p>\n<p style= \"text-align: justify;\">Une propagande de grande \tampleur brouille la vision de la population puisqu&rsquo;\u00e0 longueur de journ\u00e9e, il est question de marteler : \u00ab\u00a0Les retrait\u00e9s c\u2019est la g\u00e9n\u00e9ration dor\u00e9e, les cheminots ce sont des privil\u00e9gi\u00e9s et les fonctionnaires ce sont des fain\u00e9ants.\u00a0\u00bb <\/p>\n<p style= \"text-align: justify;\">Le rouleau compresseur avance. Au regard de cette situation in\u00e9dite tant par la duret\u00e9 des mesures annonc\u00e9es, que par le nombre, ou encore la pr\u00e9cipitation d\u2019ex\u00e9cution, il faut organiser une riposte \u00e0 la hauteur des attaques port\u00e9es. <\/p>\n<p style= \"text-align: justify;\">L&rsquo;argent il y en a, et m\u00eame beaucoup (la France est championne d&rsquo;Europe des dividendes vers\u00e9es aux actionnaires) pour augmenter les salaires et assurer un service public de qualit\u00e9 ! <\/p>\n<p style= \"text-align: justify;\">La CGT est \u00e0 l\u2019initiative de la riposte et prend ses responsabilit\u00e9s. <\/p>\n<p style= \"text-align: justify;\">Cette journ\u00e9e du 22 mars porte bien plus en elle qu&rsquo;une initiative sur la fonction publique. Cette journ\u00e9e est bien plus qu&rsquo;une simple manif. C\u2019est le gouvernement qu\u2019on va affronter et son projet global. Cette journ\u00e9e doit porter un grand coup au gouvernement. <\/p>\n<p style= \"text-align: justify;\">De nombreuses autres f\u00e9d\u00e9rations  appellent \u00e0 se mobiliser lors de cette journ\u00e9e (La Chimie, Le Commerce, les Cheminots&#8230;). <\/p>\n<p style= \"text-align: justify;\">Nous devons absolument r\u00e9ussir la mobilisation du 22 mars ! <\/p>\n<p style= \"text-align: justify;\">Il y a une dynamique qui est en train de se construire dans ce pays, de nombreux feux commencent \u00e0 se mettre au vert. <\/p>\n<p style= \"text-align: justify;\">Tous ensemble, participons massivement \u00e0 la journ\u00e9e de gr\u00e8ve et de manifestation du 22 mars !!! <\/p>\n<p style= \"text-align: justify;\">Bonnes luttes,<br \/>\nLe syndicat CGT de l&rsquo;h\u00f4pital de Manosque<\/p>\n","protected":false},"excerpt":{"rendered":"<p>Bonjour, Les puissants de ce monde, le march\u00e9, ont mis au pouvoir Macron, pour appliquer une feuille de route pr\u00e9cise : D\u00e9r\u00e9glementer, appauvrir et d\u00e9manteler les services publics, ouvrir tous les secteurs \u00e0 la concurrence, d\u00e9truire les protections des salari\u00e9s et des citoyens. Il s&rsquo;agit de casser les trois piliers de notre mod\u00e8le social : [&hellip;]<\/p>\n","protected":false},"author":1,"featured_media":0,"comment_status":"closed","ping_status":"closed","sticky":false,"template":"","format":"standard","meta":{"footnotes":""},"categories":[7],"tags":[],"views":1437,"_links":{"self":[{"href":"http:\/\/www.cgt-hopital-manosque.fr\/index.php?rest_route=\/wp\/v2\/posts\/5734"}],"collection":[{"href":"http:\/\/www.cgt-hopital-manosque.fr\/index.php?rest_route=\/wp\/v2\/posts"}],"about":[{"href":"http:\/\/www.cgt-hopital-manosque.fr\/index.php?rest_route=\/wp\/v2\/types\/post"}],"author":[{"embeddable":true,"href":"http:\/\/www.cgt-hopital-manosque.fr\/index.php?rest_route=\/wp\/v2\/users\/1"}],"replies":[{"embeddable":true,"href":"http:\/\/www.cgt-hopital-manosque.fr\/index.php?rest_route=%2Fwp%2Fv2%2Fcomments&post=5734"}],"version-history":[{"count":4,"href":"http:\/\/www.cgt-hopital-manosque.fr\/index.php?rest_route=\/wp\/v2\/posts\/5734\/revisions"}],"predecessor-version":[{"id":5739,"href":"http:\/\/www.cgt-hopital-manosque.fr\/index.php?rest_route=\/wp\/v2\/posts\/5734\/revisions\/5739"}],"wp:attachment":[{"href":"http:\/\/www.cgt-hopital-manosque.fr\/index.php?rest_route=%2Fwp%2Fv2%2Fmedia&parent=5734"}],"wp:term":[{"taxonomy":"category","embeddable":true,"href":"http:\/\/www.cgt-hopital-manosque.fr\/index.php?rest_route=%2Fwp%2Fv2%2Fcategories&post=5734"},{"taxonomy":"post_tag","embeddable":true,"href":"http:\/\/www.cgt-hopital-manosque.fr\/index.php?rest_route=%2Fwp%2Fv2%2Ftags&post=5734"}],"curies":[{"name":"wp","href":"https:\/\/api.w.org\/{rel}","templated":true}]}}