{"id":5750,"date":"2018-03-13T19:06:20","date_gmt":"2018-03-13T19:06:20","guid":{"rendered":"http:\/\/www.cgt-hopital-manosque.fr\/?p=5750"},"modified":"2018-03-13T19:08:04","modified_gmt":"2018-03-13T19:08:04","slug":"13-mars-2018-une-residente-dun-ehpad-decede-apres-2h30-dattente-sur-un-brancard-aux-urgences","status":"publish","type":"post","link":"http:\/\/www.cgt-hopital-manosque.fr\/?p=5750","title":{"rendered":"13 mars 2018 &#8211; Une r\u00e9sidente d\u2019un EHPAD d\u00e9c\u00e8de apr\u00e8s 2h30 d\u2019attente sur un brancard aux Urgences"},"content":{"rendered":"<p><a href=\"http:\/\/www.cgt-hopital-manosque.fr\/wp-content\/uploads\/2018\/03\/922.-Patiente-d\u00e9c\u00e9d\u00e9e-aux-Urgences.jpg\"><img loading=\"lazy\" decoding=\"async\" src=\"http:\/\/www.cgt-hopital-manosque.fr\/wp-content\/uploads\/2018\/03\/922.-Patiente-d\u00e9c\u00e9d\u00e9e-aux-Urgences.jpg\" alt=\"922. Patiente d\u00e9c\u00e9d\u00e9e aux Urgences\" width=\"811\" height=\"608\" class=\"aligncenter size-full wp-image-5751\" srcset=\"http:\/\/www.cgt-hopital-manosque.fr\/wp-content\/uploads\/2018\/03\/922.-Patiente-d\u00e9c\u00e9d\u00e9e-aux-Urgences.jpg 811w, http:\/\/www.cgt-hopital-manosque.fr\/wp-content\/uploads\/2018\/03\/922.-Patiente-d\u00e9c\u00e9d\u00e9e-aux-Urgences-300x225.jpg 300w\" sizes=\"(max-width: 811px) 100vw, 811px\" \/><\/a><\/p>\n<p style= \"text-align: justify;\">Une r\u00e9sidente d&rsquo;un EHPAD est d\u00e9c\u00e9d\u00e9e ces derniers jours aux Urgences de Reims. Aujourd\u2019hui, nous avons des exemples graves comme celui-l\u00e0 qui sont m\u00e9diatis\u00e9s, mais c\u2019est au quotidien, et dans la plupart des h\u00f4pitaux, que nous avons des patients qui restent sur des brancards. Et quand on reste sur un brancard, alors qu\u2019on devrait \u00eatre dans un lit, cela se traduit par une surmortalit\u00e9. Nous avons aujourd\u2019hui des chiffres, des \u00e9tudes qui le montrent. Notre ministre n\u2019est pas \u00e0 la hauteur de la d\u00e9gradation du syst\u00e8me. <\/p>\n<p style= \"text-align: justify;\">Il faut qu\u2019on arr\u00eate les plans d\u2019\u00e9conomies. Il faut qu\u2019on arr\u00eate de supprimer les lits. La charge de travail a augment\u00e9 ces derni\u00e8res ann\u00e9es aux Urgences. Nous sommes oblig\u00e9s de laisser des patients fragiles ou des personnes \u00e2g\u00e9es sur des brancards qui arrivent de maisons de retraite, des EHPAD, et qui restent sur des brancards car il n\u2019y a pas de lit. <\/p>\n<p style= \"text-align: justify;\">Or, la ministre dit qu\u2019on aurait trop de lits en France. Non, c\u2019est faux ! Nous n\u2019avons pas assez de lits aujourd\u2019hui et nous n\u2019avons pas assez de personnels dans les Urgences !<br \/>\nCar il n\u2019y a pas assez de m\u00e9decins g\u00e9n\u00e9ralistes en ville, alors les gens viennent par d\u00e9faut aux Urgences. Ils ne viennent pas pour des choses inutiles, ils viennent car ils n\u2019ont pas trouv\u00e9 d\u2019autres solutions. La solution n\u2019est pas de les culpabiliser.<br \/>\nIl faut plus de m\u00e9decins g\u00e9n\u00e9ralistes, et il faut qu\u2019on les r\u00e9partisse mieux \u00e9galement sur le territoire. <\/p>\n<p style= \"text-align: justify;\">Aujourd\u2019hui, la ministre veut d\u00e9velopper surtout l&rsquo;ambulatoire. Mais l\u2019ambulatoire est r\u00e9serv\u00e9 qu\u2019\u00e0 une petite partie des patients. Pour la population \u00e2g\u00e9e qui vient aux Urgences, on a besoin de lits pour les hospitaliser et les traiter. <\/p>\n","protected":false},"excerpt":{"rendered":"<p>Une r\u00e9sidente d&rsquo;un EHPAD est d\u00e9c\u00e9d\u00e9e ces derniers jours aux Urgences de Reims. Aujourd\u2019hui, nous avons des exemples graves comme celui-l\u00e0 qui sont m\u00e9diatis\u00e9s, mais c\u2019est au quotidien, et dans la plupart des h\u00f4pitaux, que nous avons des patients qui restent sur des brancards. Et quand on reste sur un brancard, alors qu\u2019on devrait \u00eatre [&hellip;]<\/p>\n","protected":false},"author":1,"featured_media":0,"comment_status":"closed","ping_status":"closed","sticky":false,"template":"","format":"standard","meta":{"footnotes":""},"categories":[8],"tags":[],"views":1079,"_links":{"self":[{"href":"http:\/\/www.cgt-hopital-manosque.fr\/index.php?rest_route=\/wp\/v2\/posts\/5750"}],"collection":[{"href":"http:\/\/www.cgt-hopital-manosque.fr\/index.php?rest_route=\/wp\/v2\/posts"}],"about":[{"href":"http:\/\/www.cgt-hopital-manosque.fr\/index.php?rest_route=\/wp\/v2\/types\/post"}],"author":[{"embeddable":true,"href":"http:\/\/www.cgt-hopital-manosque.fr\/index.php?rest_route=\/wp\/v2\/users\/1"}],"replies":[{"embeddable":true,"href":"http:\/\/www.cgt-hopital-manosque.fr\/index.php?rest_route=%2Fwp%2Fv2%2Fcomments&post=5750"}],"version-history":[{"count":2,"href":"http:\/\/www.cgt-hopital-manosque.fr\/index.php?rest_route=\/wp\/v2\/posts\/5750\/revisions"}],"predecessor-version":[{"id":5753,"href":"http:\/\/www.cgt-hopital-manosque.fr\/index.php?rest_route=\/wp\/v2\/posts\/5750\/revisions\/5753"}],"wp:attachment":[{"href":"http:\/\/www.cgt-hopital-manosque.fr\/index.php?rest_route=%2Fwp%2Fv2%2Fmedia&parent=5750"}],"wp:term":[{"taxonomy":"category","embeddable":true,"href":"http:\/\/www.cgt-hopital-manosque.fr\/index.php?rest_route=%2Fwp%2Fv2%2Fcategories&post=5750"},{"taxonomy":"post_tag","embeddable":true,"href":"http:\/\/www.cgt-hopital-manosque.fr\/index.php?rest_route=%2Fwp%2Fv2%2Ftags&post=5750"}],"curies":[{"name":"wp","href":"https:\/\/api.w.org\/{rel}","templated":true}]}}