{"id":5783,"date":"2018-03-18T19:26:01","date_gmt":"2018-03-18T19:26:01","guid":{"rendered":"http:\/\/www.cgt-hopital-manosque.fr\/?p=5783"},"modified":"2018-03-18T19:26:01","modified_gmt":"2018-03-18T19:26:01","slug":"18-mars-2018-des-politiques-de-sante-criminelles","status":"publish","type":"post","link":"http:\/\/www.cgt-hopital-manosque.fr\/?p=5783","title":{"rendered":"18 mars 2018 &#8211; Des politiques de sant\u00e9 criminelles ?"},"content":{"rendered":"<p style= \"text-align: justify;\">\nLe 6 mars dernier, une femme de 73 ans d\u00e9c\u00e9dait dans les couloirs de l&rsquo;H\u00f4pital de Reims, faute de prise en charge. Ce drame n&rsquo;\u00e9tait, malheureusement, que le dernier d&rsquo;une longue s\u00e9rie, avec toujours pour cause le manque de lits et de personnels hospitaliers. Mais quand cette p\u00e9nurie est organis\u00e9e au sommet de l&rsquo;\u00c9tat, qui sont les responsables ? <\/p>\n<p style= \"text-align: justify;\"><strong><br \/>\nPour voir la vid\u00e9o de Tatiana : CLIQUER CI-DESSOUS<\/p>\n<p><iframe loading=\"lazy\" width=\"500\" height=\"281\" src=\"https:\/\/www.youtube.com\/embed\/VWRJhqHwXPI?feature=oembed\" frameborder=\"0\" allow=\"autoplay; encrypted-media\" allowfullscreen><\/iframe><\/p>\n<p><\/strong><\/p>\n","protected":false},"excerpt":{"rendered":"<p>Le 6 mars dernier, une femme de 73 ans d\u00e9c\u00e9dait dans les couloirs de l&rsquo;H\u00f4pital de Reims, faute de prise en charge. Ce drame n&rsquo;\u00e9tait, malheureusement, que le dernier d&rsquo;une longue s\u00e9rie, avec toujours pour cause le manque de lits et de personnels hospitaliers. Mais quand cette p\u00e9nurie est organis\u00e9e au sommet de l&rsquo;\u00c9tat, qui [&hellip;]<\/p>\n","protected":false},"author":1,"featured_media":0,"comment_status":"closed","ping_status":"closed","sticky":false,"template":"","format":"standard","meta":{"footnotes":""},"categories":[8],"tags":[],"views":1285,"_links":{"self":[{"href":"http:\/\/www.cgt-hopital-manosque.fr\/index.php?rest_route=\/wp\/v2\/posts\/5783"}],"collection":[{"href":"http:\/\/www.cgt-hopital-manosque.fr\/index.php?rest_route=\/wp\/v2\/posts"}],"about":[{"href":"http:\/\/www.cgt-hopital-manosque.fr\/index.php?rest_route=\/wp\/v2\/types\/post"}],"author":[{"embeddable":true,"href":"http:\/\/www.cgt-hopital-manosque.fr\/index.php?rest_route=\/wp\/v2\/users\/1"}],"replies":[{"embeddable":true,"href":"http:\/\/www.cgt-hopital-manosque.fr\/index.php?rest_route=%2Fwp%2Fv2%2Fcomments&post=5783"}],"version-history":[{"count":1,"href":"http:\/\/www.cgt-hopital-manosque.fr\/index.php?rest_route=\/wp\/v2\/posts\/5783\/revisions"}],"predecessor-version":[{"id":5784,"href":"http:\/\/www.cgt-hopital-manosque.fr\/index.php?rest_route=\/wp\/v2\/posts\/5783\/revisions\/5784"}],"wp:attachment":[{"href":"http:\/\/www.cgt-hopital-manosque.fr\/index.php?rest_route=%2Fwp%2Fv2%2Fmedia&parent=5783"}],"wp:term":[{"taxonomy":"category","embeddable":true,"href":"http:\/\/www.cgt-hopital-manosque.fr\/index.php?rest_route=%2Fwp%2Fv2%2Fcategories&post=5783"},{"taxonomy":"post_tag","embeddable":true,"href":"http:\/\/www.cgt-hopital-manosque.fr\/index.php?rest_route=%2Fwp%2Fv2%2Ftags&post=5783"}],"curies":[{"name":"wp","href":"https:\/\/api.w.org\/{rel}","templated":true}]}}