{"id":5785,"date":"2018-03-19T19:45:47","date_gmt":"2018-03-19T19:45:47","guid":{"rendered":"http:\/\/www.cgt-hopital-manosque.fr\/?p=5785"},"modified":"2018-03-19T19:46:18","modified_gmt":"2018-03-19T19:46:18","slug":"19-mars-2018-video-a-la-reconquete-de-la-securite-sociale","status":"publish","type":"post","link":"http:\/\/www.cgt-hopital-manosque.fr\/?p=5785","title":{"rendered":"19 mars 2018 &#8211; Vid\u00e9o : \u00e0 la reconqu\u00eate de la s\u00e9curit\u00e9 sociale"},"content":{"rendered":"<p style= \"text-align: justify;\">\nCette vid\u00e9o est un sujet d&rsquo;actualit\u00e9 majeur pour rappeler l&rsquo;origine de la s\u00e9curit\u00e9 sociale. Aujourd&rsquo;hui, la r\u00e9mun\u00e9ration de la force de travail est compos\u00e9e du salaire net plus l&rsquo;ensemble des cotisations. Et les cotisations, ce n&rsquo;est pas de l&rsquo;argent qu&rsquo;on met  dans un puits et qui serait perdu, elles servent \u00e0 la soci\u00e9t\u00e9 en fonction des in\u00e9galit\u00e9s. Face \u00e0 la maladie ou face \u00e0 la perte d&rsquo;un emploi par exemple, nous ne sommes pas \u00e9gaux, c&rsquo;est pour compenser ces in\u00e9galit\u00e9s que la s\u00e9curit\u00e9 sociale a \u00e9t\u00e9 cr\u00e9\u00e9.\n<\/p>\n<p style= \"text-align: justify;\"><strong><br \/>\nPour voir la vid\u00e9o  : CLIQUER CI-DESSOUS<\/p>\n<p><iframe loading=\"lazy\" width=\"500\" height=\"281\" src=\"https:\/\/www.youtube.com\/embed\/4Y9xTrPE1us?feature=oembed\" frameborder=\"0\" allow=\"autoplay; encrypted-media\" allowfullscreen><\/iframe><\/p>\n<p><\/strong><\/p>\n","protected":false},"excerpt":{"rendered":"<p>Cette vid\u00e9o est un sujet d&rsquo;actualit\u00e9 majeur pour rappeler l&rsquo;origine de la s\u00e9curit\u00e9 sociale. Aujourd&rsquo;hui, la r\u00e9mun\u00e9ration de la force de travail est compos\u00e9e du salaire net plus l&rsquo;ensemble des cotisations. Et les cotisations, ce n&rsquo;est pas de l&rsquo;argent qu&rsquo;on met dans un puits et qui serait perdu, elles servent \u00e0 la soci\u00e9t\u00e9 en fonction [&hellip;]<\/p>\n","protected":false},"author":1,"featured_media":0,"comment_status":"closed","ping_status":"closed","sticky":false,"template":"","format":"standard","meta":{"footnotes":""},"categories":[8],"tags":[],"views":1343,"_links":{"self":[{"href":"http:\/\/www.cgt-hopital-manosque.fr\/index.php?rest_route=\/wp\/v2\/posts\/5785"}],"collection":[{"href":"http:\/\/www.cgt-hopital-manosque.fr\/index.php?rest_route=\/wp\/v2\/posts"}],"about":[{"href":"http:\/\/www.cgt-hopital-manosque.fr\/index.php?rest_route=\/wp\/v2\/types\/post"}],"author":[{"embeddable":true,"href":"http:\/\/www.cgt-hopital-manosque.fr\/index.php?rest_route=\/wp\/v2\/users\/1"}],"replies":[{"embeddable":true,"href":"http:\/\/www.cgt-hopital-manosque.fr\/index.php?rest_route=%2Fwp%2Fv2%2Fcomments&post=5785"}],"version-history":[{"count":2,"href":"http:\/\/www.cgt-hopital-manosque.fr\/index.php?rest_route=\/wp\/v2\/posts\/5785\/revisions"}],"predecessor-version":[{"id":5789,"href":"http:\/\/www.cgt-hopital-manosque.fr\/index.php?rest_route=\/wp\/v2\/posts\/5785\/revisions\/5789"}],"wp:attachment":[{"href":"http:\/\/www.cgt-hopital-manosque.fr\/index.php?rest_route=%2Fwp%2Fv2%2Fmedia&parent=5785"}],"wp:term":[{"taxonomy":"category","embeddable":true,"href":"http:\/\/www.cgt-hopital-manosque.fr\/index.php?rest_route=%2Fwp%2Fv2%2Fcategories&post=5785"},{"taxonomy":"post_tag","embeddable":true,"href":"http:\/\/www.cgt-hopital-manosque.fr\/index.php?rest_route=%2Fwp%2Fv2%2Ftags&post=5785"}],"curies":[{"name":"wp","href":"https:\/\/api.w.org\/{rel}","templated":true}]}}