{"id":5794,"date":"2018-03-21T05:56:52","date_gmt":"2018-03-21T05:56:52","guid":{"rendered":"http:\/\/www.cgt-hopital-manosque.fr\/?p=5794"},"modified":"2018-03-21T05:59:34","modified_gmt":"2018-03-21T05:59:34","slug":"21-mars-2018-agents-de-la-fonction-publique-cheminots-usagers-meme-combat-tous-ensemble-le-22-mars","status":"publish","type":"post","link":"http:\/\/www.cgt-hopital-manosque.fr\/?p=5794","title":{"rendered":"21 mars 2018 &#8211; Agents de la Fonction publique, cheminots, usagers, m\u00eame combat : Tous ensemble le 22 mars"},"content":{"rendered":"<p style= \"text-align: justify;\">\nLe 22 mars, dans le cadre d&rsquo;appels intersyndicaux tr\u00e8s largement majoritaires, cheminots et agents de la Fonction publique sont appel\u00e9s \u00e0 l&rsquo;action. Les mobilisations du 22 mars participent du combat d&rsquo;int\u00e9r\u00eat g\u00e9n\u00e9ral pour l&rsquo;avenir du service public. Les usagers y ont toute leur place. <\/p>\n<p style= \"text-align: justify;\">\nLes services publics, la Fonction publique sont le bien commun des citoyen-n-es et des usagers. C&rsquo;est ensemble qu&rsquo;il nous faut les d\u00e9fendre et les d\u00e9velopper au service de l&rsquo;humain, de la solidarit\u00e9, de l&rsquo;\u00e9galit\u00e9 et de la justice. C&rsquo;est dans ce sens que la CGT Fonction publique et des Cheminots vous appelle \u00e0 participer \u00e0 toutes les initiatives, mobilisations et manifestations qui seront organis\u00e9es dans ce sens le 22 Mars prochain et au-del\u00e0. <\/p>\n<p style= \"text-align: justify;\">\nInterviennent dans cette vid\u00e9o :<br \/>\n&#8211; Philippe Martinez, secr\u00e9taire g\u00e9n\u00e9ral de la CGT<br \/>\n&#8211; Laurent Brun, secr\u00e9taire g\u00e9n\u00e9ral de la f\u00e9d\u00e9ration CGT des Cheminots<br \/>\n&#8211; Baptiste Talbot, secr\u00e9taire f\u00e9d\u00e9ral de la f\u00e9d\u00e9ration CGT des Services Publics<br \/>\n&#8211; Mireille Stivala, secr\u00e9taire f\u00e9d\u00e9rale de la f\u00e9d\u00e9ration CGT de la sant\u00e9 et de l&rsquo;action sociale<br \/>\n&#8211; Jean-Marc Canon, secr\u00e9taire g\u00e9n\u00e9ral de l&rsquo;union g\u00e9n\u00e9rale des f\u00e9d\u00e9rations de fonctionnaires\n<\/p>\n<p style= \"text-align: justify;\"><strong><br \/>\nPour voir la vid\u00e9o  : CLIQUER CI-DESSOUS<\/p>\n<p><iframe loading=\"lazy\" width=\"500\" height=\"281\" src=\"https:\/\/www.youtube.com\/embed\/O-QdzCKDnZo?feature=oembed\" frameborder=\"0\" allow=\"autoplay; encrypted-media\" allowfullscreen><\/iframe><\/p>\n<p><\/strong><\/p>\n","protected":false},"excerpt":{"rendered":"<p>Le 22 mars, dans le cadre d&rsquo;appels intersyndicaux tr\u00e8s largement majoritaires, cheminots et agents de la Fonction publique sont appel\u00e9s \u00e0 l&rsquo;action. Les mobilisations du 22 mars participent du combat d&rsquo;int\u00e9r\u00eat g\u00e9n\u00e9ral pour l&rsquo;avenir du service public. Les usagers y ont toute leur place. Les services publics, la Fonction publique sont le bien commun des [&hellip;]<\/p>\n","protected":false},"author":1,"featured_media":0,"comment_status":"closed","ping_status":"closed","sticky":false,"template":"","format":"standard","meta":{"footnotes":""},"categories":[8],"tags":[],"views":1325,"_links":{"self":[{"href":"http:\/\/www.cgt-hopital-manosque.fr\/index.php?rest_route=\/wp\/v2\/posts\/5794"}],"collection":[{"href":"http:\/\/www.cgt-hopital-manosque.fr\/index.php?rest_route=\/wp\/v2\/posts"}],"about":[{"href":"http:\/\/www.cgt-hopital-manosque.fr\/index.php?rest_route=\/wp\/v2\/types\/post"}],"author":[{"embeddable":true,"href":"http:\/\/www.cgt-hopital-manosque.fr\/index.php?rest_route=\/wp\/v2\/users\/1"}],"replies":[{"embeddable":true,"href":"http:\/\/www.cgt-hopital-manosque.fr\/index.php?rest_route=%2Fwp%2Fv2%2Fcomments&post=5794"}],"version-history":[{"count":4,"href":"http:\/\/www.cgt-hopital-manosque.fr\/index.php?rest_route=\/wp\/v2\/posts\/5794\/revisions"}],"predecessor-version":[{"id":5798,"href":"http:\/\/www.cgt-hopital-manosque.fr\/index.php?rest_route=\/wp\/v2\/posts\/5794\/revisions\/5798"}],"wp:attachment":[{"href":"http:\/\/www.cgt-hopital-manosque.fr\/index.php?rest_route=%2Fwp%2Fv2%2Fmedia&parent=5794"}],"wp:term":[{"taxonomy":"category","embeddable":true,"href":"http:\/\/www.cgt-hopital-manosque.fr\/index.php?rest_route=%2Fwp%2Fv2%2Fcategories&post=5794"},{"taxonomy":"post_tag","embeddable":true,"href":"http:\/\/www.cgt-hopital-manosque.fr\/index.php?rest_route=%2Fwp%2Fv2%2Ftags&post=5794"}],"curies":[{"name":"wp","href":"https:\/\/api.w.org\/{rel}","templated":true}]}}