{"id":5799,"date":"2018-03-22T05:26:07","date_gmt":"2018-03-22T05:26:07","guid":{"rendered":"http:\/\/www.cgt-hopital-manosque.fr\/?p=5799"},"modified":"2018-03-22T05:26:07","modified_gmt":"2018-03-22T05:26:07","slug":"22-mars-2018-clip-patient-tout-va-bien","status":"publish","type":"post","link":"http:\/\/www.cgt-hopital-manosque.fr\/?p=5799","title":{"rendered":"22 mars 2018 &#8211; Clip &#8211; Patient tout va bien"},"content":{"rendered":"<p style= \"text-align: justify;\">\nCe clip a \u00e9t\u00e9 r\u00e9alis\u00e9 par les soignants d&rsquo;un centre de r\u00e9\u00e9ducation de la Sarthe sp\u00e9cialis\u00e9 dans le grand handicap. Nous d\u00e9non\u00e7ons ici la politique de sant\u00e9 actuelle. Celle-ci entra\u00eene une baisse importante de la qualit\u00e9 des soins et un manque cruel de personnel. Le suivi des patients et la continuit\u00e9 des soins ne sont souvent plus possibles. Le personnel exp\u00e9riment\u00e9 est remplac\u00e9 par du personnel non form\u00e9 aux sp\u00e9cificit\u00e9s de nos prises en charge. Les patients porteurs de grand handicap ne peuvent donc plus \u00eatre soign\u00e9s correctement car la politique actuelle d\u00e9favorise ces centres de r\u00e9\u00e9ducations, qui sont pourtant des lieux fondamentaux pour la reprise d&rsquo;autonomie, le combat contre la maladie, et la reconstruction de l&rsquo;avenir de centaines de patients. Comme dans les h\u00f4pitaux, le personnel est \u00e0 bout de force. Nous nous joignons donc au mouvement d\u00e9but\u00e9 par plusieurs infirmi\u00e8res, m\u00e9decins, aides soignantes et AMP, pour d\u00e9noncer la politique de sant\u00e9 actuelle qui a largement montr\u00e9 ses limites et ses incoh\u00e9rences. A ces professionnels s&rsquo;ajoutent maintenant les professionnels de la r\u00e9\u00e9ducation (kin\u00e9sith\u00e9rapeutes, orthophonistes, ergoth\u00e9rapeutes, professeurs d&rsquo;APA&#8230;) mais aussi le personnel administratif, de l&rsquo;animation, et de l&rsquo;entretien. C&rsquo;est donc un cri d&rsquo;alerte lanc\u00e9 aux politiques et \u00e0 tous les citoyens. Il faut agir. Maintenant. Une lettre explicite sur ce sujet a \u00e9t\u00e9 envoy\u00e9e \u00e0 notre ministre de la sant\u00e9, Agn\u00e8s Buzyn. Nous esp\u00e9rons qu&rsquo;elle sera entendue. Nous attendons sa r\u00e9ponse. Merci \u00e0 OrelSan pour cette chanson. <\/p>\n<p style= \"text-align: justify;\"><strong><br \/>\nPour voir la vid\u00e9o  : CLIQUER CI-DESSOUS<\/p>\n<p><iframe loading=\"lazy\" width=\"500\" height=\"281\" src=\"https:\/\/www.youtube.com\/embed\/y7pmnZEQd7Q?feature=oembed\" frameborder=\"0\" allow=\"autoplay; encrypted-media\" allowfullscreen><\/iframe><\/p>\n<p><\/strong><\/p>\n","protected":false},"excerpt":{"rendered":"<p>Ce clip a \u00e9t\u00e9 r\u00e9alis\u00e9 par les soignants d&rsquo;un centre de r\u00e9\u00e9ducation de la Sarthe sp\u00e9cialis\u00e9 dans le grand handicap. Nous d\u00e9non\u00e7ons ici la politique de sant\u00e9 actuelle. Celle-ci entra\u00eene une baisse importante de la qualit\u00e9 des soins et un manque cruel de personnel. Le suivi des patients et la continuit\u00e9 des soins ne sont [&hellip;]<\/p>\n","protected":false},"author":1,"featured_media":0,"comment_status":"closed","ping_status":"closed","sticky":false,"template":"","format":"standard","meta":{"footnotes":""},"categories":[8],"tags":[],"views":1266,"_links":{"self":[{"href":"http:\/\/www.cgt-hopital-manosque.fr\/index.php?rest_route=\/wp\/v2\/posts\/5799"}],"collection":[{"href":"http:\/\/www.cgt-hopital-manosque.fr\/index.php?rest_route=\/wp\/v2\/posts"}],"about":[{"href":"http:\/\/www.cgt-hopital-manosque.fr\/index.php?rest_route=\/wp\/v2\/types\/post"}],"author":[{"embeddable":true,"href":"http:\/\/www.cgt-hopital-manosque.fr\/index.php?rest_route=\/wp\/v2\/users\/1"}],"replies":[{"embeddable":true,"href":"http:\/\/www.cgt-hopital-manosque.fr\/index.php?rest_route=%2Fwp%2Fv2%2Fcomments&post=5799"}],"version-history":[{"count":1,"href":"http:\/\/www.cgt-hopital-manosque.fr\/index.php?rest_route=\/wp\/v2\/posts\/5799\/revisions"}],"predecessor-version":[{"id":5800,"href":"http:\/\/www.cgt-hopital-manosque.fr\/index.php?rest_route=\/wp\/v2\/posts\/5799\/revisions\/5800"}],"wp:attachment":[{"href":"http:\/\/www.cgt-hopital-manosque.fr\/index.php?rest_route=%2Fwp%2Fv2%2Fmedia&parent=5799"}],"wp:term":[{"taxonomy":"category","embeddable":true,"href":"http:\/\/www.cgt-hopital-manosque.fr\/index.php?rest_route=%2Fwp%2Fv2%2Fcategories&post=5799"},{"taxonomy":"post_tag","embeddable":true,"href":"http:\/\/www.cgt-hopital-manosque.fr\/index.php?rest_route=%2Fwp%2Fv2%2Ftags&post=5799"}],"curies":[{"name":"wp","href":"https:\/\/api.w.org\/{rel}","templated":true}]}}