{"id":5805,"date":"2018-03-25T18:23:13","date_gmt":"2018-03-25T18:23:13","guid":{"rendered":"http:\/\/www.cgt-hopital-manosque.fr\/?p=5805"},"modified":"2018-03-25T18:23:13","modified_gmt":"2018-03-25T18:23:13","slug":"25-mars-2018-guide-pratique-les-accords-agrees-en-faveur-de-lemploi-des-travailleurs-handicapes","status":"publish","type":"post","link":"http:\/\/www.cgt-hopital-manosque.fr\/?p=5805","title":{"rendered":"25 mars 2018 &#8211; Guide pratique &#8211; Les accords agr\u00e9\u00e9s en faveur de l&#8217;emploi des travailleurs handicap\u00e9s"},"content":{"rendered":"<p><a href=\"http:\/\/www.cgt-hopital-manosque.fr\/wp-content\/uploads\/2018\/03\/932.-Guide-personnels-handicap\u00e9s-mars-2018.jpg\"><img loading=\"lazy\" decoding=\"async\" src=\"http:\/\/www.cgt-hopital-manosque.fr\/wp-content\/uploads\/2018\/03\/932.-Guide-personnels-handicap\u00e9s-mars-2018.jpg\" alt=\"932. Guide personnels handicap\u00e9s mars 2018\" width=\"1289\" height=\"656\" class=\"aligncenter size-full wp-image-5806\" srcset=\"http:\/\/www.cgt-hopital-manosque.fr\/wp-content\/uploads\/2018\/03\/932.-Guide-personnels-handicap\u00e9s-mars-2018.jpg 1289w, http:\/\/www.cgt-hopital-manosque.fr\/wp-content\/uploads\/2018\/03\/932.-Guide-personnels-handicap\u00e9s-mars-2018-300x153.jpg 300w, http:\/\/www.cgt-hopital-manosque.fr\/wp-content\/uploads\/2018\/03\/932.-Guide-personnels-handicap\u00e9s-mars-2018-1024x521.jpg 1024w\" sizes=\"(max-width: 1289px) 100vw, 1289px\" \/><\/a><\/p>\n<p style= \"text-align: justify;\"><strong><br \/>\nPOUR CONSULTER LE GUIDE : <a href=\"http:\/\/www.cgt-hopital-manosque.fr\/wp-content\/uploads\/2018\/03\/932.-GUIDE-PRATIQUE-accords-agrees-en-faveur-de-lemploi-des-travailleurs-handicapes.pdf\">CLIQUER ICI<\/a><br \/>\n<\/strong><\/p>\n","protected":false},"excerpt":{"rendered":"<p>POUR CONSULTER LE GUIDE : CLIQUER ICI<\/p>\n","protected":false},"author":1,"featured_media":0,"comment_status":"closed","ping_status":"closed","sticky":false,"template":"","format":"standard","meta":{"footnotes":""},"categories":[5],"tags":[],"views":1244,"_links":{"self":[{"href":"http:\/\/www.cgt-hopital-manosque.fr\/index.php?rest_route=\/wp\/v2\/posts\/5805"}],"collection":[{"href":"http:\/\/www.cgt-hopital-manosque.fr\/index.php?rest_route=\/wp\/v2\/posts"}],"about":[{"href":"http:\/\/www.cgt-hopital-manosque.fr\/index.php?rest_route=\/wp\/v2\/types\/post"}],"author":[{"embeddable":true,"href":"http:\/\/www.cgt-hopital-manosque.fr\/index.php?rest_route=\/wp\/v2\/users\/1"}],"replies":[{"embeddable":true,"href":"http:\/\/www.cgt-hopital-manosque.fr\/index.php?rest_route=%2Fwp%2Fv2%2Fcomments&post=5805"}],"version-history":[{"count":1,"href":"http:\/\/www.cgt-hopital-manosque.fr\/index.php?rest_route=\/wp\/v2\/posts\/5805\/revisions"}],"predecessor-version":[{"id":5808,"href":"http:\/\/www.cgt-hopital-manosque.fr\/index.php?rest_route=\/wp\/v2\/posts\/5805\/revisions\/5808"}],"wp:attachment":[{"href":"http:\/\/www.cgt-hopital-manosque.fr\/index.php?rest_route=%2Fwp%2Fv2%2Fmedia&parent=5805"}],"wp:term":[{"taxonomy":"category","embeddable":true,"href":"http:\/\/www.cgt-hopital-manosque.fr\/index.php?rest_route=%2Fwp%2Fv2%2Fcategories&post=5805"},{"taxonomy":"post_tag","embeddable":true,"href":"http:\/\/www.cgt-hopital-manosque.fr\/index.php?rest_route=%2Fwp%2Fv2%2Ftags&post=5805"}],"curies":[{"name":"wp","href":"https:\/\/api.w.org\/{rel}","templated":true}]}}