{"id":5812,"date":"2018-03-29T17:54:40","date_gmt":"2018-03-29T17:54:40","guid":{"rendered":"http:\/\/www.cgt-hopital-manosque.fr\/?p=5812"},"modified":"2018-03-30T18:27:27","modified_gmt":"2018-03-30T18:27:27","slug":"28-mars-2018-la-cgt-sante-remet-les-pendules-a-lheure-avec-la-deputee-domeizel-en-marche-arriere","status":"publish","type":"post","link":"http:\/\/www.cgt-hopital-manosque.fr\/?p=5812","title":{"rendered":"29 mars 2018 &#8211; La CGT Sant\u00e9 remet les pendules \u00e0 l&rsquo;heure avec la d\u00e9put\u00e9e Domeizel (en marche arri\u00e8re)"},"content":{"rendered":"<p style= \"text-align: justify;\">\nNous venons de rencontrer la d\u00e9put\u00e9e Domeizel sur la question de la sant\u00e9, et plus particuli\u00e8rement celles des h\u00f4pitaux et des EHPAD.<br \/>\nNous en avons profit\u00e9 pour remettre les pendules \u00e0 l&rsquo;heure avec la d\u00e9put\u00e9e de la r\u00e9publique en marche arri\u00e8re.\n<\/p>\n<p style= \"text-align: justify;\"><strong><br \/>\nPour voir la vid\u00e9o  : CLIQUER CI-DESSOUS<\/p>\n<p><iframe loading=\"lazy\" width=\"500\" height=\"281\" src=\"https:\/\/www.youtube.com\/embed\/5cujlYjnkpM?feature=oembed\" frameborder=\"0\" allow=\"autoplay; encrypted-media\" allowfullscreen><\/iframe><\/p>\n<p><\/strong><\/p>\n","protected":false},"excerpt":{"rendered":"<p>Nous venons de rencontrer la d\u00e9put\u00e9e Domeizel sur la question de la sant\u00e9, et plus particuli\u00e8rement celles des h\u00f4pitaux et des EHPAD. Nous en avons profit\u00e9 pour remettre les pendules \u00e0 l&rsquo;heure avec la d\u00e9put\u00e9e de la r\u00e9publique en marche arri\u00e8re. Pour voir la vid\u00e9o : CLIQUER CI-DESSOUS<\/p>\n","protected":false},"author":1,"featured_media":0,"comment_status":"closed","ping_status":"closed","sticky":false,"template":"","format":"standard","meta":{"footnotes":""},"categories":[7],"tags":[],"views":1144,"_links":{"self":[{"href":"http:\/\/www.cgt-hopital-manosque.fr\/index.php?rest_route=\/wp\/v2\/posts\/5812"}],"collection":[{"href":"http:\/\/www.cgt-hopital-manosque.fr\/index.php?rest_route=\/wp\/v2\/posts"}],"about":[{"href":"http:\/\/www.cgt-hopital-manosque.fr\/index.php?rest_route=\/wp\/v2\/types\/post"}],"author":[{"embeddable":true,"href":"http:\/\/www.cgt-hopital-manosque.fr\/index.php?rest_route=\/wp\/v2\/users\/1"}],"replies":[{"embeddable":true,"href":"http:\/\/www.cgt-hopital-manosque.fr\/index.php?rest_route=%2Fwp%2Fv2%2Fcomments&post=5812"}],"version-history":[{"count":2,"href":"http:\/\/www.cgt-hopital-manosque.fr\/index.php?rest_route=\/wp\/v2\/posts\/5812\/revisions"}],"predecessor-version":[{"id":5815,"href":"http:\/\/www.cgt-hopital-manosque.fr\/index.php?rest_route=\/wp\/v2\/posts\/5812\/revisions\/5815"}],"wp:attachment":[{"href":"http:\/\/www.cgt-hopital-manosque.fr\/index.php?rest_route=%2Fwp%2Fv2%2Fmedia&parent=5812"}],"wp:term":[{"taxonomy":"category","embeddable":true,"href":"http:\/\/www.cgt-hopital-manosque.fr\/index.php?rest_route=%2Fwp%2Fv2%2Fcategories&post=5812"},{"taxonomy":"post_tag","embeddable":true,"href":"http:\/\/www.cgt-hopital-manosque.fr\/index.php?rest_route=%2Fwp%2Fv2%2Ftags&post=5812"}],"curies":[{"name":"wp","href":"https:\/\/api.w.org\/{rel}","templated":true}]}}