{"id":5828,"date":"2018-04-04T17:44:21","date_gmt":"2018-04-04T17:44:21","guid":{"rendered":"http:\/\/www.cgt-hopital-manosque.fr\/?p=5828"},"modified":"2018-04-04T17:44:29","modified_gmt":"2018-04-04T17:44:29","slug":"4-avril-2018-le-journal-de-lud-cgt-04-du-mois-de-mars-2018","status":"publish","type":"post","link":"http:\/\/www.cgt-hopital-manosque.fr\/?p=5828","title":{"rendered":"4 avril 2018 &#8211; Le journal de l&rsquo;UD CGT 04 du mois de mars 2018"},"content":{"rendered":"<p><a href=\"http:\/\/www.cgt-hopital-manosque.fr\/wp-content\/uploads\/2018\/04\/937.-Sommaire-journal-UD-CGT-04.jpg\"><img loading=\"lazy\" decoding=\"async\" src=\"http:\/\/www.cgt-hopital-manosque.fr\/wp-content\/uploads\/2018\/04\/937.-Sommaire-journal-UD-CGT-04.jpg\" alt=\"937. Sommaire journal UD CGT 04\" width=\"627\" height=\"905\" class=\"aligncenter size-full wp-image-5829\" srcset=\"http:\/\/www.cgt-hopital-manosque.fr\/wp-content\/uploads\/2018\/04\/937.-Sommaire-journal-UD-CGT-04.jpg 627w, http:\/\/www.cgt-hopital-manosque.fr\/wp-content\/uploads\/2018\/04\/937.-Sommaire-journal-UD-CGT-04-208x300.jpg 208w\" sizes=\"(max-width: 627px) 100vw, 627px\" \/><\/a><\/p>\n<p style= \"text-align: justify;\"><strong><br \/>\nSommaire : <\/p>\n<p style= \"text-align: justify;\">Page 1 : Edito de Sylvain Moretti <\/p>\n<p style= \"text-align: justify;\">Page 2 : Mobilisation du 22 mars : \u00e0 Digne et dans toute la France <\/p>\n<p style= \"text-align: justify;\">Page 3 : Mobilisation des retrait\u00e9s du 15 mars <\/p>\n<p style= \"text-align: justify;\">Page 4 : Mobilisation des EHPAD et rencontre avec la D\u00e9put\u00e9e Domeizel <\/p>\n<p style= \"text-align: justify;\">Page 5 : D\u00e9bat public du 12 mars \u00e0 Digne anim\u00e9 par Christope Prudhomme <\/p>\n<p style= \"text-align: justify;\">Page 6 : Cheminots, Cheminotes : la bataille est lanc\u00e9e ! <\/p>\n<p style= \"text-align: justify;\">Page 7 : Actualit\u00e9 des collectifs (gare de la Brillanne, services publics, CAPER 04) <\/p>\n<p style= \"text-align: justify;\">Page 8 : R\u00e9union publique du 7 avril \u00e0 Volx sur le CETA <\/p>\n<p style= \"text-align: justify;\">\n<p style= \"text-align: justify;\">\nPOUR CONSULTER LE JOURNAL COMPLET, <a href=\"http:\/\/www.cgt-hopital-manosque.fr\/wp-content\/uploads\/2018\/04\/937.-Journal-UD-CGT-04-mars-2018.pdf\">CLIQUER ICI<\/a><br \/>\n<\/strong><\/p>\n","protected":false},"excerpt":{"rendered":"<p>Sommaire : Page 1 : Edito de Sylvain Moretti Page 2 : Mobilisation du 22 mars : \u00e0 Digne et dans toute la France Page 3 : Mobilisation des retrait\u00e9s du 15 mars Page 4 : Mobilisation des EHPAD et rencontre avec la D\u00e9put\u00e9e Domeizel Page 5 : D\u00e9bat public du 12 mars \u00e0 Digne [&hellip;]<\/p>\n","protected":false},"author":1,"featured_media":0,"comment_status":"closed","ping_status":"closed","sticky":false,"template":"","format":"standard","meta":{"footnotes":""},"categories":[7],"tags":[],"views":1653,"_links":{"self":[{"href":"http:\/\/www.cgt-hopital-manosque.fr\/index.php?rest_route=\/wp\/v2\/posts\/5828"}],"collection":[{"href":"http:\/\/www.cgt-hopital-manosque.fr\/index.php?rest_route=\/wp\/v2\/posts"}],"about":[{"href":"http:\/\/www.cgt-hopital-manosque.fr\/index.php?rest_route=\/wp\/v2\/types\/post"}],"author":[{"embeddable":true,"href":"http:\/\/www.cgt-hopital-manosque.fr\/index.php?rest_route=\/wp\/v2\/users\/1"}],"replies":[{"embeddable":true,"href":"http:\/\/www.cgt-hopital-manosque.fr\/index.php?rest_route=%2Fwp%2Fv2%2Fcomments&post=5828"}],"version-history":[{"count":1,"href":"http:\/\/www.cgt-hopital-manosque.fr\/index.php?rest_route=\/wp\/v2\/posts\/5828\/revisions"}],"predecessor-version":[{"id":5831,"href":"http:\/\/www.cgt-hopital-manosque.fr\/index.php?rest_route=\/wp\/v2\/posts\/5828\/revisions\/5831"}],"wp:attachment":[{"href":"http:\/\/www.cgt-hopital-manosque.fr\/index.php?rest_route=%2Fwp%2Fv2%2Fmedia&parent=5828"}],"wp:term":[{"taxonomy":"category","embeddable":true,"href":"http:\/\/www.cgt-hopital-manosque.fr\/index.php?rest_route=%2Fwp%2Fv2%2Fcategories&post=5828"},{"taxonomy":"post_tag","embeddable":true,"href":"http:\/\/www.cgt-hopital-manosque.fr\/index.php?rest_route=%2Fwp%2Fv2%2Ftags&post=5828"}],"curies":[{"name":"wp","href":"https:\/\/api.w.org\/{rel}","templated":true}]}}