{"id":5844,"date":"2018-04-08T18:13:22","date_gmt":"2018-04-08T18:13:22","guid":{"rendered":"http:\/\/www.cgt-hopital-manosque.fr\/?p=5844"},"modified":"2018-04-08T18:14:38","modified_gmt":"2018-04-08T18:14:38","slug":"8-avril-2018-hopital-alerte-sur-les-conditions-de-travail","status":"publish","type":"post","link":"http:\/\/www.cgt-hopital-manosque.fr\/?p=5844","title":{"rendered":"8 avril 2018 &#8211; H\u00f4pital : alerte sur les conditions de travail"},"content":{"rendered":"<p style= \"text-align: justify;\">\nAvec Malika Belarbi, aide-soignante en Ehpad public en \u00cele-de-France et syndicaliste CGT, Fran\u00e7ois Braun, pr\u00e9sident de Samu-Urgences de France,<br \/>\nJean-Charles Faivre-Pierret, directeur g\u00e9n\u00e9ral du centre hospitalier de Saint-Cyr-au-Mont-d&rsquo;Or,<br \/>\nPhilippe Halimi, pr\u00e9sident de l\u2019Association nationale Jean-Louis-M\u00e9gnien, auteur d&rsquo;\u00ab H\u00f4pitaux en d\u00e9tresse, Patients en danger. Arr\u00eatez le massacre ! \u00bb (Flammarion)<br \/>\net Antoine Liegeois, infirmier en r\u00e9animation,<br \/>\nMediapart Live se penche sur les diff\u00e9rentes alertes qui t\u00e9moignent d&rsquo;un syst\u00e8me de soins proche de la rupture.\n<\/p>\n<p style= \"text-align: justify;\"><strong><br \/>\nPour voir la vid\u00e9o  : CLIQUER CI-DESSOUS<\/p>\n<p><iframe loading=\"lazy\" width=\"500\" height=\"281\" src=\"https:\/\/www.youtube.com\/embed\/FNH2Kvl2Ysg?feature=oembed\" frameborder=\"0\" allow=\"autoplay; encrypted-media\" allowfullscreen><\/iframe><\/p>\n<p><\/strong><\/p>\n","protected":false},"excerpt":{"rendered":"<p>Avec Malika Belarbi, aide-soignante en Ehpad public en \u00cele-de-France et syndicaliste CGT, Fran\u00e7ois Braun, pr\u00e9sident de Samu-Urgences de France, Jean-Charles Faivre-Pierret, directeur g\u00e9n\u00e9ral du centre hospitalier de Saint-Cyr-au-Mont-d&rsquo;Or, Philippe Halimi, pr\u00e9sident de l\u2019Association nationale Jean-Louis-M\u00e9gnien, auteur d&rsquo;\u00ab H\u00f4pitaux en d\u00e9tresse, Patients en danger. Arr\u00eatez le massacre ! \u00bb (Flammarion) et Antoine Liegeois, infirmier en r\u00e9animation, [&hellip;]<\/p>\n","protected":false},"author":1,"featured_media":0,"comment_status":"closed","ping_status":"closed","sticky":false,"template":"","format":"standard","meta":{"footnotes":""},"categories":[8],"tags":[],"views":1341,"_links":{"self":[{"href":"http:\/\/www.cgt-hopital-manosque.fr\/index.php?rest_route=\/wp\/v2\/posts\/5844"}],"collection":[{"href":"http:\/\/www.cgt-hopital-manosque.fr\/index.php?rest_route=\/wp\/v2\/posts"}],"about":[{"href":"http:\/\/www.cgt-hopital-manosque.fr\/index.php?rest_route=\/wp\/v2\/types\/post"}],"author":[{"embeddable":true,"href":"http:\/\/www.cgt-hopital-manosque.fr\/index.php?rest_route=\/wp\/v2\/users\/1"}],"replies":[{"embeddable":true,"href":"http:\/\/www.cgt-hopital-manosque.fr\/index.php?rest_route=%2Fwp%2Fv2%2Fcomments&post=5844"}],"version-history":[{"count":3,"href":"http:\/\/www.cgt-hopital-manosque.fr\/index.php?rest_route=\/wp\/v2\/posts\/5844\/revisions"}],"predecessor-version":[{"id":5848,"href":"http:\/\/www.cgt-hopital-manosque.fr\/index.php?rest_route=\/wp\/v2\/posts\/5844\/revisions\/5848"}],"wp:attachment":[{"href":"http:\/\/www.cgt-hopital-manosque.fr\/index.php?rest_route=%2Fwp%2Fv2%2Fmedia&parent=5844"}],"wp:term":[{"taxonomy":"category","embeddable":true,"href":"http:\/\/www.cgt-hopital-manosque.fr\/index.php?rest_route=%2Fwp%2Fv2%2Fcategories&post=5844"},{"taxonomy":"post_tag","embeddable":true,"href":"http:\/\/www.cgt-hopital-manosque.fr\/index.php?rest_route=%2Fwp%2Fv2%2Ftags&post=5844"}],"curies":[{"name":"wp","href":"https:\/\/api.w.org\/{rel}","templated":true}]}}