{"id":5894,"date":"2018-04-29T19:44:11","date_gmt":"2018-04-29T19:44:11","guid":{"rendered":"http:\/\/www.cgt-hopital-manosque.fr\/?p=5894"},"modified":"2018-04-29T19:44:11","modified_gmt":"2018-04-29T19:44:11","slug":"29-avril-2018-le-journal-de-lud-cgt-04-du-mois-davril-2018","status":"publish","type":"post","link":"http:\/\/www.cgt-hopital-manosque.fr\/?p=5894","title":{"rendered":"29 avril 2018 &#8211; Le journal de l&rsquo;UD CGT 04 du mois d&rsquo;avril 2018"},"content":{"rendered":"<p><a href=\"http:\/\/www.cgt-hopital-manosque.fr\/wp-content\/uploads\/2018\/04\/948.-Sommaire-journal-UD-CGT-04-avril-2018.jpg\"><img loading=\"lazy\" decoding=\"async\" src=\"http:\/\/www.cgt-hopital-manosque.fr\/wp-content\/uploads\/2018\/04\/948.-Sommaire-journal-UD-CGT-04-avril-2018.jpg\" alt=\"948. Sommaire journal UD CGT 04 avril 2018\" width=\"637\" height=\"905\" class=\"aligncenter size-full wp-image-5895\" srcset=\"http:\/\/www.cgt-hopital-manosque.fr\/wp-content\/uploads\/2018\/04\/948.-Sommaire-journal-UD-CGT-04-avril-2018.jpg 637w, http:\/\/www.cgt-hopital-manosque.fr\/wp-content\/uploads\/2018\/04\/948.-Sommaire-journal-UD-CGT-04-avril-2018-211x300.jpg 211w\" sizes=\"(max-width: 637px) 100vw, 637px\" \/><\/a><\/p>\n<p style= \"text-align: justify;\"><strong><br \/>\nSommaire : <\/p>\n<p style= \"text-align: justify;\">Page 1 : Edito de C\u00e9dric Volait <\/p>\n<p style= \"text-align: justify;\">Page 2 : Journ\u00e9e d&rsquo;action du 19 avril devant la gare SNCF de Manosque <\/p>\n<p style= \"text-align: justify;\">Page 3 : Le comportement honteux du MEDEF de Sanofi Sisteron <\/p>\n<p style= \"text-align: justify;\">Page 4 :  Interview d&rsquo;Andr\u00e9 Samanni sur le pr\u00e9l\u00e8vement \u00e0 la source <\/p>\n<p style= \"text-align: justify;\">Page 5 : Vive Mai 68 ! Interview de Marcel Guidi (IHS CGT 04) <\/p>\n<p style= \"text-align: justify;\">Page 6 : Vid\u00e9os :<br \/>\n&#8211; Les attaques contre les h\u00f4pitaux et leurs personnels<br \/>\n&#8211; Les attaques contre les personnels de Carrefour de Digne <\/p>\n<p style= \"text-align: justify;\">Page 7 : Journ\u00e9e de mobilisation du 22 mai + Conseil Cin\u00e9ma <\/p>\n<p style= \"text-align: justify;\">Page 8 : Conseil lecture : \u00ab\u00a0La M\u00e9diocratie\u00a0\u00bb d&rsquo;Alain Deneault <\/p>\n<p style= \"text-align: justify;\">\n<p style= \"text-align: justify;\">\nPOUR CONSULTER LE JOURNAL COMPLET, <a href=\"http:\/\/www.cgt-hopital-manosque.fr\/wp-content\/uploads\/2018\/04\/948.-Journal-UD-CGT-04-avril-2018.pdf\">CLIQUER ICI<\/a><br \/>\n<\/strong><\/p>\n","protected":false},"excerpt":{"rendered":"<p>Sommaire : Page 1 : Edito de C\u00e9dric Volait Page 2 : Journ\u00e9e d&rsquo;action du 19 avril devant la gare SNCF de Manosque Page 3 : Le comportement honteux du MEDEF de Sanofi Sisteron Page 4 : Interview d&rsquo;Andr\u00e9 Samanni sur le pr\u00e9l\u00e8vement \u00e0 la source Page 5 : Vive Mai 68 ! Interview de [&hellip;]<\/p>\n","protected":false},"author":1,"featured_media":0,"comment_status":"closed","ping_status":"closed","sticky":false,"template":"","format":"standard","meta":{"footnotes":""},"categories":[7],"tags":[],"views":1139,"_links":{"self":[{"href":"http:\/\/www.cgt-hopital-manosque.fr\/index.php?rest_route=\/wp\/v2\/posts\/5894"}],"collection":[{"href":"http:\/\/www.cgt-hopital-manosque.fr\/index.php?rest_route=\/wp\/v2\/posts"}],"about":[{"href":"http:\/\/www.cgt-hopital-manosque.fr\/index.php?rest_route=\/wp\/v2\/types\/post"}],"author":[{"embeddable":true,"href":"http:\/\/www.cgt-hopital-manosque.fr\/index.php?rest_route=\/wp\/v2\/users\/1"}],"replies":[{"embeddable":true,"href":"http:\/\/www.cgt-hopital-manosque.fr\/index.php?rest_route=%2Fwp%2Fv2%2Fcomments&post=5894"}],"version-history":[{"count":1,"href":"http:\/\/www.cgt-hopital-manosque.fr\/index.php?rest_route=\/wp\/v2\/posts\/5894\/revisions"}],"predecessor-version":[{"id":5897,"href":"http:\/\/www.cgt-hopital-manosque.fr\/index.php?rest_route=\/wp\/v2\/posts\/5894\/revisions\/5897"}],"wp:attachment":[{"href":"http:\/\/www.cgt-hopital-manosque.fr\/index.php?rest_route=%2Fwp%2Fv2%2Fmedia&parent=5894"}],"wp:term":[{"taxonomy":"category","embeddable":true,"href":"http:\/\/www.cgt-hopital-manosque.fr\/index.php?rest_route=%2Fwp%2Fv2%2Fcategories&post=5894"},{"taxonomy":"post_tag","embeddable":true,"href":"http:\/\/www.cgt-hopital-manosque.fr\/index.php?rest_route=%2Fwp%2Fv2%2Ftags&post=5894"}],"curies":[{"name":"wp","href":"https:\/\/api.w.org\/{rel}","templated":true}]}}