{"id":5914,"date":"2018-05-07T20:22:07","date_gmt":"2018-05-07T20:22:07","guid":{"rendered":"http:\/\/www.cgt-hopital-manosque.fr\/?p=5914"},"modified":"2018-05-07T20:22:07","modified_gmt":"2018-05-07T20:22:07","slug":"7-mai-2018-loi-secret-des-affaires-une-menace-pour-le-droit-a-linformation","status":"publish","type":"post","link":"http:\/\/www.cgt-hopital-manosque.fr\/?p=5914","title":{"rendered":"7 mai 2018 &#8211; Loi secret des affaires : une menace pour le droit \u00e0 l&rsquo;information"},"content":{"rendered":"<p style= \"text-align: justify;\"><strong><br \/>\n\u00ab\u00a0Nous pourrions avoir des proc\u00e9dures judiciaires avant m\u00eame que ces \u00e9missions arrivent \u00e0 l&rsquo;antenne, vous pourriez donc en \u00eatre tout simplement priv\u00e9s\u00a0\u00bb.<br \/>\n\u00ab\u00a0Les citoyens doivent absolument se mobiliser et ils doivent se mobiliser vite\u00a0\u00bb.<br \/>\nElise Lucet, journaliste, r\u00e9dactrice en chef et pr\u00e9sentatrice de t\u00e9l\u00e9vision.<br \/>\n<\/strong><\/p>\n<p style= \"text-align: justify;\"><strong><br \/>\nPour voir la vid\u00e9o, CLIQUER CI-DESSOUS<br \/>\n<iframe loading=\"lazy\" width=\"500\" height=\"281\" src=\"https:\/\/www.youtube.com\/embed\/W5QvZii9QR4?feature=oembed\" frameborder=\"0\" allow=\"autoplay; encrypted-media\" allowfullscreen><\/iframe><br \/>\n<\/strong><\/p>\n","protected":false},"excerpt":{"rendered":"<p>\u00ab\u00a0Nous pourrions avoir des proc\u00e9dures judiciaires avant m\u00eame que ces \u00e9missions arrivent \u00e0 l&rsquo;antenne, vous pourriez donc en \u00eatre tout simplement priv\u00e9s\u00a0\u00bb. \u00ab\u00a0Les citoyens doivent absolument se mobiliser et ils doivent se mobiliser vite\u00a0\u00bb. Elise Lucet, journaliste, r\u00e9dactrice en chef et pr\u00e9sentatrice de t\u00e9l\u00e9vision. Pour voir la vid\u00e9o, CLIQUER CI-DESSOUS<\/p>\n","protected":false},"author":1,"featured_media":0,"comment_status":"closed","ping_status":"closed","sticky":false,"template":"","format":"standard","meta":{"footnotes":""},"categories":[8],"tags":[],"views":1057,"_links":{"self":[{"href":"http:\/\/www.cgt-hopital-manosque.fr\/index.php?rest_route=\/wp\/v2\/posts\/5914"}],"collection":[{"href":"http:\/\/www.cgt-hopital-manosque.fr\/index.php?rest_route=\/wp\/v2\/posts"}],"about":[{"href":"http:\/\/www.cgt-hopital-manosque.fr\/index.php?rest_route=\/wp\/v2\/types\/post"}],"author":[{"embeddable":true,"href":"http:\/\/www.cgt-hopital-manosque.fr\/index.php?rest_route=\/wp\/v2\/users\/1"}],"replies":[{"embeddable":true,"href":"http:\/\/www.cgt-hopital-manosque.fr\/index.php?rest_route=%2Fwp%2Fv2%2Fcomments&post=5914"}],"version-history":[{"count":1,"href":"http:\/\/www.cgt-hopital-manosque.fr\/index.php?rest_route=\/wp\/v2\/posts\/5914\/revisions"}],"predecessor-version":[{"id":5915,"href":"http:\/\/www.cgt-hopital-manosque.fr\/index.php?rest_route=\/wp\/v2\/posts\/5914\/revisions\/5915"}],"wp:attachment":[{"href":"http:\/\/www.cgt-hopital-manosque.fr\/index.php?rest_route=%2Fwp%2Fv2%2Fmedia&parent=5914"}],"wp:term":[{"taxonomy":"category","embeddable":true,"href":"http:\/\/www.cgt-hopital-manosque.fr\/index.php?rest_route=%2Fwp%2Fv2%2Fcategories&post=5914"},{"taxonomy":"post_tag","embeddable":true,"href":"http:\/\/www.cgt-hopital-manosque.fr\/index.php?rest_route=%2Fwp%2Fv2%2Ftags&post=5914"}],"curies":[{"name":"wp","href":"https:\/\/api.w.org\/{rel}","templated":true}]}}