{"id":5950,"date":"2018-05-21T18:07:49","date_gmt":"2018-05-21T18:07:49","guid":{"rendered":"http:\/\/www.cgt-hopital-manosque.fr\/?p=5950"},"modified":"2018-05-21T18:13:41","modified_gmt":"2018-05-21T18:13:41","slug":"21-mai-2018-recours-massif-aux-contractuels-dans-la-fonction-publique-le-projet-radical-des-experts-du-gouvernement","status":"publish","type":"post","link":"http:\/\/www.cgt-hopital-manosque.fr\/?p=5950","title":{"rendered":"21 mai 2018 &#8211; Recours massif aux contractuels dans la fonction publique : le projet radical des \u00ab\u00a0experts\u00a0\u00bb du gouvernement"},"content":{"rendered":"<p><a href=\"http:\/\/www.cgt-hopital-manosque.fr\/wp-content\/uploads\/2018\/05\/954.-Recours-contractuels-fonction-publique.jpg\"><img loading=\"lazy\" decoding=\"async\" src=\"http:\/\/www.cgt-hopital-manosque.fr\/wp-content\/uploads\/2018\/05\/954.-Recours-contractuels-fonction-publique.jpg\" alt=\"Recours contractuels fonction publique\" width=\"833\" height=\"751\" class=\"aligncenter size-full wp-image-5957\" srcset=\"http:\/\/www.cgt-hopital-manosque.fr\/wp-content\/uploads\/2018\/05\/954.-Recours-contractuels-fonction-publique.jpg 833w, http:\/\/www.cgt-hopital-manosque.fr\/wp-content\/uploads\/2018\/05\/954.-Recours-contractuels-fonction-publique-300x270.jpg 300w\" sizes=\"(max-width: 833px) 100vw, 833px\" \/><\/a><\/p>\n<p style= \"text-align: justify;\">\nCharg\u00e9 par l&rsquo;ex\u00e9cutif de rendre un rapport sur la r\u00e9forme de l&rsquo;Etat, le Comit\u00e9 action publique 2022 s&rsquo;appr\u00eate \u00e0 rendre au gouvernement un projet qui devrait provoquer la fureur des syndicats de fonctionnaires : au programme, g\u00e9n\u00e9ralisation du recours aux contractuels, et une grande \u00ab\u00a0rationalisation\u00a0\u00bb des prestations sociales&#8230;\n<\/p>\n<p style= \"text-align: justify;\"><strong><br \/>\nPour voir l&rsquo;article : <a href=\"https:\/\/www.marianne.net\/politique\/recours-massif-aux-contractuels-dans-la-fonction-publique-le-projet-radical-des-experts-du\"target=\"_blank\">CLIQUER ICI<\/a><br \/>\n<\/strong><\/p>\n","protected":false},"excerpt":{"rendered":"<p>Charg\u00e9 par l&rsquo;ex\u00e9cutif de rendre un rapport sur la r\u00e9forme de l&rsquo;Etat, le Comit\u00e9 action publique 2022 s&rsquo;appr\u00eate \u00e0 rendre au gouvernement un projet qui devrait provoquer la fureur des syndicats de fonctionnaires : au programme, g\u00e9n\u00e9ralisation du recours aux contractuels, et une grande \u00ab\u00a0rationalisation\u00a0\u00bb des prestations sociales&#8230; Pour voir l&rsquo;article : CLIQUER ICI<\/p>\n","protected":false},"author":1,"featured_media":0,"comment_status":"closed","ping_status":"closed","sticky":false,"template":"","format":"standard","meta":{"footnotes":""},"categories":[8],"tags":[],"views":1057,"_links":{"self":[{"href":"http:\/\/www.cgt-hopital-manosque.fr\/index.php?rest_route=\/wp\/v2\/posts\/5950"}],"collection":[{"href":"http:\/\/www.cgt-hopital-manosque.fr\/index.php?rest_route=\/wp\/v2\/posts"}],"about":[{"href":"http:\/\/www.cgt-hopital-manosque.fr\/index.php?rest_route=\/wp\/v2\/types\/post"}],"author":[{"embeddable":true,"href":"http:\/\/www.cgt-hopital-manosque.fr\/index.php?rest_route=\/wp\/v2\/users\/1"}],"replies":[{"embeddable":true,"href":"http:\/\/www.cgt-hopital-manosque.fr\/index.php?rest_route=%2Fwp%2Fv2%2Fcomments&post=5950"}],"version-history":[{"count":6,"href":"http:\/\/www.cgt-hopital-manosque.fr\/index.php?rest_route=\/wp\/v2\/posts\/5950\/revisions"}],"predecessor-version":[{"id":5958,"href":"http:\/\/www.cgt-hopital-manosque.fr\/index.php?rest_route=\/wp\/v2\/posts\/5950\/revisions\/5958"}],"wp:attachment":[{"href":"http:\/\/www.cgt-hopital-manosque.fr\/index.php?rest_route=%2Fwp%2Fv2%2Fmedia&parent=5950"}],"wp:term":[{"taxonomy":"category","embeddable":true,"href":"http:\/\/www.cgt-hopital-manosque.fr\/index.php?rest_route=%2Fwp%2Fv2%2Fcategories&post=5950"},{"taxonomy":"post_tag","embeddable":true,"href":"http:\/\/www.cgt-hopital-manosque.fr\/index.php?rest_route=%2Fwp%2Fv2%2Ftags&post=5950"}],"curies":[{"name":"wp","href":"https:\/\/api.w.org\/{rel}","templated":true}]}}