{"id":5966,"date":"2018-05-24T17:49:44","date_gmt":"2018-05-24T17:49:44","guid":{"rendered":"http:\/\/www.cgt-hopital-manosque.fr\/?p=5966"},"modified":"2018-05-24T17:49:44","modified_gmt":"2018-05-24T17:49:44","slug":"25-mai-2018-pratique-avancee-des-infirmieres-ipa-compte-rendu-de-la-reunion-du-16-mai","status":"publish","type":"post","link":"http:\/\/www.cgt-hopital-manosque.fr\/?p=5966","title":{"rendered":"25 mai 2018 &#8211; Pratique avanc\u00e9e des infirmi\u00e8res (IPA) : compte-rendu de la r\u00e9union du 16 mai"},"content":{"rendered":"<p><a href=\"http:\/\/www.cgt-hopital-manosque.fr\/wp-content\/uploads\/2018\/05\/956.-Pratique-avanc\u00e9e-des-infirmi\u00e8res.jpg\"><img loading=\"lazy\" decoding=\"async\" src=\"http:\/\/www.cgt-hopital-manosque.fr\/wp-content\/uploads\/2018\/05\/956.-Pratique-avanc\u00e9e-des-infirmi\u00e8res.jpg\" alt=\"Pratique avanc\u00e9e des infirmi\u00e8res\" width=\"623\" height=\"785\" class=\"aligncenter size-full wp-image-5967\" srcset=\"http:\/\/www.cgt-hopital-manosque.fr\/wp-content\/uploads\/2018\/05\/956.-Pratique-avanc\u00e9e-des-infirmi\u00e8res.jpg 623w, http:\/\/www.cgt-hopital-manosque.fr\/wp-content\/uploads\/2018\/05\/956.-Pratique-avanc\u00e9e-des-infirmi\u00e8res-238x300.jpg 238w\" sizes=\"(max-width: 623px) 100vw, 623px\" \/><\/a><\/p>\n","protected":false},"excerpt":{"rendered":"","protected":false},"author":1,"featured_media":0,"comment_status":"closed","ping_status":"closed","sticky":false,"template":"","format":"standard","meta":{"footnotes":""},"categories":[8],"tags":[],"views":1143,"_links":{"self":[{"href":"http:\/\/www.cgt-hopital-manosque.fr\/index.php?rest_route=\/wp\/v2\/posts\/5966"}],"collection":[{"href":"http:\/\/www.cgt-hopital-manosque.fr\/index.php?rest_route=\/wp\/v2\/posts"}],"about":[{"href":"http:\/\/www.cgt-hopital-manosque.fr\/index.php?rest_route=\/wp\/v2\/types\/post"}],"author":[{"embeddable":true,"href":"http:\/\/www.cgt-hopital-manosque.fr\/index.php?rest_route=\/wp\/v2\/users\/1"}],"replies":[{"embeddable":true,"href":"http:\/\/www.cgt-hopital-manosque.fr\/index.php?rest_route=%2Fwp%2Fv2%2Fcomments&post=5966"}],"version-history":[{"count":1,"href":"http:\/\/www.cgt-hopital-manosque.fr\/index.php?rest_route=\/wp\/v2\/posts\/5966\/revisions"}],"predecessor-version":[{"id":5968,"href":"http:\/\/www.cgt-hopital-manosque.fr\/index.php?rest_route=\/wp\/v2\/posts\/5966\/revisions\/5968"}],"wp:attachment":[{"href":"http:\/\/www.cgt-hopital-manosque.fr\/index.php?rest_route=%2Fwp%2Fv2%2Fmedia&parent=5966"}],"wp:term":[{"taxonomy":"category","embeddable":true,"href":"http:\/\/www.cgt-hopital-manosque.fr\/index.php?rest_route=%2Fwp%2Fv2%2Fcategories&post=5966"},{"taxonomy":"post_tag","embeddable":true,"href":"http:\/\/www.cgt-hopital-manosque.fr\/index.php?rest_route=%2Fwp%2Fv2%2Ftags&post=5966"}],"curies":[{"name":"wp","href":"https:\/\/api.w.org\/{rel}","templated":true}]}}