{"id":5985,"date":"2018-05-27T19:51:16","date_gmt":"2018-05-27T19:51:16","guid":{"rendered":"http:\/\/www.cgt-hopital-manosque.fr\/?p=5985"},"modified":"2018-05-27T19:51:16","modified_gmt":"2018-05-27T19:51:16","slug":"28-mai-2018-elections-professionnelles-du-6-decembre-2018-le-guide-est-sorti","status":"publish","type":"post","link":"http:\/\/www.cgt-hopital-manosque.fr\/?p=5985","title":{"rendered":"28 mai 2018 &#8211; Elections professionnelles du 6 d\u00e9cembre 2018 : le guide est sorti"},"content":{"rendered":"<p><a href=\"http:\/\/www.cgt-hopital-manosque.fr\/wp-content\/uploads\/2018\/05\/959.-Guide-\u00e9lections-professionnelles-6-d\u00e9cembre-2018.jpg\"><img loading=\"lazy\" decoding=\"async\" src=\"http:\/\/www.cgt-hopital-manosque.fr\/wp-content\/uploads\/2018\/05\/959.-Guide-\u00e9lections-professionnelles-6-d\u00e9cembre-2018.jpg\" alt=\"959. Guide \u00e9lections professionnelles 6 d\u00e9cembre 2018\" width=\"593\" height=\"790\" class=\"aligncenter size-full wp-image-5986\" srcset=\"http:\/\/www.cgt-hopital-manosque.fr\/wp-content\/uploads\/2018\/05\/959.-Guide-\u00e9lections-professionnelles-6-d\u00e9cembre-2018.jpg 593w, http:\/\/www.cgt-hopital-manosque.fr\/wp-content\/uploads\/2018\/05\/959.-Guide-\u00e9lections-professionnelles-6-d\u00e9cembre-2018-225x300.jpg 225w\" sizes=\"(max-width: 593px) 100vw, 593px\" \/><\/a><\/p>\n<p style= \"text-align: justify;\">Comme ce fut le cas lors des \u00e9lections pr\u00e9c\u00e9dentes, la DGOS propose un Guide pratique pour l&rsquo;organisation des \u00e9lections au CTE, CAPL et CAPD de la fonction publique hospitali\u00e8re. Une foire aux questions est \u00e9galement disponible sur le site d\u00e9di\u00e9. <\/p>\n<p style= \"text-align: justify;\">Sur 94 pages, le Guide envisage successivement les pr\u00e9conisations communes, les r\u00e8gles g\u00e9n\u00e9rales relatives aux CTE, CAPL CAPD et CCP et la pr\u00e9paration du scrutin, enfin, les candidatures. Il compl\u00e8te \u00e9galement la r\u00e9cente instruction du 8 mars 2018. <\/p>\n<p style= \"text-align: justify;\">Le Guide rappelle ainsi quels sont les agents \u00e9lecteurs selon les instances, et les r\u00e9capitule dans des tableaux, de m\u00eame que les conditions de l&rsquo;\u00e9ligibilit\u00e9. <\/p>\n<p style= \"text-align: justify;\">Un calendrier propose les dates \u00e0 retenir pour l&rsquo;organisation des \u00e9lections ; la prochaine \u00ab\u00a0\u00e9ch\u00e9ance\u00a0\u00bb est le mercredi 6 juin, jour o\u00f9 la date des \u00e9lections et le nombre de si\u00e8ges \u00e0 pourvoir doivent \u00eatre affich\u00e9s dans les \u00e9tablissements, au plus tard. Cependant, en cas de vote \u00e9lectronique, le nombre de si\u00e8ges \u00e0 pourvoir est affich\u00e9 au plus tard le mercredi 29 mai (la p\u00e9riode vote \u00e9lectronique d\u00e9bute en effet le jeudi 29 novembre et court jusqu&rsquo;au 6 d\u00e9cembre inclus). <\/p>\n<p style= \"text-align: justify;\"><strong><br \/>\nPOUR CONSULTER LE GUIDE COMPLET : <a href=\"http:\/\/www.cgt-hopital-manosque.fr\/wp-content\/uploads\/2018\/05\/959.-dgos_fph_guide_organisation_elections_270418.pdf\">CLIQUER ICI<\/a><br \/>\n<\/strong><\/p>\n","protected":false},"excerpt":{"rendered":"<p>Comme ce fut le cas lors des \u00e9lections pr\u00e9c\u00e9dentes, la DGOS propose un Guide pratique pour l&rsquo;organisation des \u00e9lections au CTE, CAPL et CAPD de la fonction publique hospitali\u00e8re. Une foire aux questions est \u00e9galement disponible sur le site d\u00e9di\u00e9. Sur 94 pages, le Guide envisage successivement les pr\u00e9conisations communes, les r\u00e8gles g\u00e9n\u00e9rales relatives aux [&hellip;]<\/p>\n","protected":false},"author":1,"featured_media":0,"comment_status":"closed","ping_status":"closed","sticky":false,"template":"","format":"standard","meta":{"footnotes":""},"categories":[5],"tags":[],"views":1486,"_links":{"self":[{"href":"http:\/\/www.cgt-hopital-manosque.fr\/index.php?rest_route=\/wp\/v2\/posts\/5985"}],"collection":[{"href":"http:\/\/www.cgt-hopital-manosque.fr\/index.php?rest_route=\/wp\/v2\/posts"}],"about":[{"href":"http:\/\/www.cgt-hopital-manosque.fr\/index.php?rest_route=\/wp\/v2\/types\/post"}],"author":[{"embeddable":true,"href":"http:\/\/www.cgt-hopital-manosque.fr\/index.php?rest_route=\/wp\/v2\/users\/1"}],"replies":[{"embeddable":true,"href":"http:\/\/www.cgt-hopital-manosque.fr\/index.php?rest_route=%2Fwp%2Fv2%2Fcomments&post=5985"}],"version-history":[{"count":1,"href":"http:\/\/www.cgt-hopital-manosque.fr\/index.php?rest_route=\/wp\/v2\/posts\/5985\/revisions"}],"predecessor-version":[{"id":5988,"href":"http:\/\/www.cgt-hopital-manosque.fr\/index.php?rest_route=\/wp\/v2\/posts\/5985\/revisions\/5988"}],"wp:attachment":[{"href":"http:\/\/www.cgt-hopital-manosque.fr\/index.php?rest_route=%2Fwp%2Fv2%2Fmedia&parent=5985"}],"wp:term":[{"taxonomy":"category","embeddable":true,"href":"http:\/\/www.cgt-hopital-manosque.fr\/index.php?rest_route=%2Fwp%2Fv2%2Fcategories&post=5985"},{"taxonomy":"post_tag","embeddable":true,"href":"http:\/\/www.cgt-hopital-manosque.fr\/index.php?rest_route=%2Fwp%2Fv2%2Ftags&post=5985"}],"curies":[{"name":"wp","href":"https:\/\/api.w.org\/{rel}","templated":true}]}}