{"id":5990,"date":"2018-06-02T11:59:50","date_gmt":"2018-06-02T11:59:50","guid":{"rendered":"http:\/\/www.cgt-hopital-manosque.fr\/?p=5990"},"modified":"2018-06-10T18:15:47","modified_gmt":"2018-06-10T18:15:47","slug":"2-juin-2018-premier-bilan-a-chaud-du-congres-2018-de-la-federation-cgt-sante-et-action-sociale-a-montpellier","status":"publish","type":"post","link":"http:\/\/www.cgt-hopital-manosque.fr\/?p=5990","title":{"rendered":"2 juin 2018 &#8211; Premier bilan \u00e0 chaud du Congr\u00e8s 2018 de la f\u00e9d\u00e9ration CGT Sant\u00e9 et Action Sociale \u00e0 Montpellier"},"content":{"rendered":"<p><a href=\"http:\/\/www.cgt-hopital-manosque.fr\/wp-content\/uploads\/2018\/06\/960.-Congr\u00e8s-f\u00e9d\u00e9ration-CGT-Sant\u00e9-mai-2018-1.jpg\"><img loading=\"lazy\" decoding=\"async\" src=\"http:\/\/www.cgt-hopital-manosque.fr\/wp-content\/uploads\/2018\/06\/960.-Congr\u00e8s-f\u00e9d\u00e9ration-CGT-Sant\u00e9-mai-2018-1.jpg\" alt=\"960. Congr\u00e8s f\u00e9d\u00e9ration CGT Sant\u00e9 mai 2018 (1)\" width=\"1772\" height=\"1183\" class=\"aligncenter size-full wp-image-5991\" srcset=\"http:\/\/www.cgt-hopital-manosque.fr\/wp-content\/uploads\/2018\/06\/960.-Congr\u00e8s-f\u00e9d\u00e9ration-CGT-Sant\u00e9-mai-2018-1.jpg 1772w, http:\/\/www.cgt-hopital-manosque.fr\/wp-content\/uploads\/2018\/06\/960.-Congr\u00e8s-f\u00e9d\u00e9ration-CGT-Sant\u00e9-mai-2018-1-300x200.jpg 300w, http:\/\/www.cgt-hopital-manosque.fr\/wp-content\/uploads\/2018\/06\/960.-Congr\u00e8s-f\u00e9d\u00e9ration-CGT-Sant\u00e9-mai-2018-1-1024x684.jpg 1024w\" sizes=\"(max-width: 1772px) 100vw, 1772px\" \/><\/a><\/p>\n<p><a href=\"http:\/\/www.cgt-hopital-manosque.fr\/wp-content\/uploads\/2018\/06\/960.-Congr\u00e8s-f\u00e9d\u00e9ration-CGT-Sant\u00e9-mai-2018-2.jpg\"><img loading=\"lazy\" decoding=\"async\" src=\"http:\/\/www.cgt-hopital-manosque.fr\/wp-content\/uploads\/2018\/06\/960.-Congr\u00e8s-f\u00e9d\u00e9ration-CGT-Sant\u00e9-mai-2018-2.jpg\" alt=\"960. Congr\u00e8s f\u00e9d\u00e9ration CGT Sant\u00e9 mai 2018 (2)\" width=\"1772\" height=\"1183\" class=\"aligncenter size-full wp-image-5992\" srcset=\"http:\/\/www.cgt-hopital-manosque.fr\/wp-content\/uploads\/2018\/06\/960.-Congr\u00e8s-f\u00e9d\u00e9ration-CGT-Sant\u00e9-mai-2018-2.jpg 1772w, http:\/\/www.cgt-hopital-manosque.fr\/wp-content\/uploads\/2018\/06\/960.-Congr\u00e8s-f\u00e9d\u00e9ration-CGT-Sant\u00e9-mai-2018-2-300x200.jpg 300w, http:\/\/www.cgt-hopital-manosque.fr\/wp-content\/uploads\/2018\/06\/960.-Congr\u00e8s-f\u00e9d\u00e9ration-CGT-Sant\u00e9-mai-2018-2-1024x684.jpg 1024w\" sizes=\"(max-width: 1772px) 100vw, 1772px\" \/><\/a><\/p>\n<p><a href=\"http:\/\/www.cgt-hopital-manosque.fr\/wp-content\/uploads\/2018\/06\/960.-Congr\u00e8s-f\u00e9d\u00e9ration-CGT-Sant\u00e9-mai-2018-3.jpg\"><img loading=\"lazy\" decoding=\"async\" src=\"http:\/\/www.cgt-hopital-manosque.fr\/wp-content\/uploads\/2018\/06\/960.-Congr\u00e8s-f\u00e9d\u00e9ration-CGT-Sant\u00e9-mai-2018-3.jpg\" alt=\"960. Congr\u00e8s f\u00e9d\u00e9ration CGT Sant\u00e9 mai 2018 (3)\" width=\"1772\" height=\"1183\" class=\"aligncenter size-full wp-image-5993\" srcset=\"http:\/\/www.cgt-hopital-manosque.fr\/wp-content\/uploads\/2018\/06\/960.-Congr\u00e8s-f\u00e9d\u00e9ration-CGT-Sant\u00e9-mai-2018-3.jpg 1772w, http:\/\/www.cgt-hopital-manosque.fr\/wp-content\/uploads\/2018\/06\/960.-Congr\u00e8s-f\u00e9d\u00e9ration-CGT-Sant\u00e9-mai-2018-3-300x200.jpg 300w, http:\/\/www.cgt-hopital-manosque.fr\/wp-content\/uploads\/2018\/06\/960.-Congr\u00e8s-f\u00e9d\u00e9ration-CGT-Sant\u00e9-mai-2018-3-1024x684.jpg 1024w\" sizes=\"(max-width: 1772px) 100vw, 1772px\" \/><\/a><\/p>\n<p><a href=\"http:\/\/www.cgt-hopital-manosque.fr\/wp-content\/uploads\/2018\/06\/960.-Congr\u00e8s-f\u00e9d\u00e9ration-CGT-Sant\u00e9-mai-2018-4.jpg\"><img loading=\"lazy\" decoding=\"async\" src=\"http:\/\/www.cgt-hopital-manosque.fr\/wp-content\/uploads\/2018\/06\/960.-Congr\u00e8s-f\u00e9d\u00e9ration-CGT-Sant\u00e9-mai-2018-4.jpg\" alt=\"960. Congr\u00e8s f\u00e9d\u00e9ration CGT Sant\u00e9 mai 2018 (4)\" width=\"1772\" height=\"1183\" class=\"aligncenter size-full wp-image-5994\" srcset=\"http:\/\/www.cgt-hopital-manosque.fr\/wp-content\/uploads\/2018\/06\/960.-Congr\u00e8s-f\u00e9d\u00e9ration-CGT-Sant\u00e9-mai-2018-4.jpg 1772w, http:\/\/www.cgt-hopital-manosque.fr\/wp-content\/uploads\/2018\/06\/960.-Congr\u00e8s-f\u00e9d\u00e9ration-CGT-Sant\u00e9-mai-2018-4-300x200.jpg 300w, http:\/\/www.cgt-hopital-manosque.fr\/wp-content\/uploads\/2018\/06\/960.-Congr\u00e8s-f\u00e9d\u00e9ration-CGT-Sant\u00e9-mai-2018-4-1024x684.jpg 1024w\" sizes=\"(max-width: 1772px) 100vw, 1772px\" \/><\/a><\/p>\n<p><a href=\"http:\/\/www.cgt-hopital-manosque.fr\/wp-content\/uploads\/2018\/06\/960.-Congr\u00e8s-f\u00e9d\u00e9ration-CGT-Sant\u00e9-mai-2018-5.jpg\"><img loading=\"lazy\" decoding=\"async\" src=\"http:\/\/www.cgt-hopital-manosque.fr\/wp-content\/uploads\/2018\/06\/960.-Congr\u00e8s-f\u00e9d\u00e9ration-CGT-Sant\u00e9-mai-2018-5.jpg\" alt=\"960. Congr\u00e8s f\u00e9d\u00e9ration CGT Sant\u00e9 mai 2018 (5)\" width=\"1772\" height=\"1183\" class=\"aligncenter size-full wp-image-5995\" srcset=\"http:\/\/www.cgt-hopital-manosque.fr\/wp-content\/uploads\/2018\/06\/960.-Congr\u00e8s-f\u00e9d\u00e9ration-CGT-Sant\u00e9-mai-2018-5.jpg 1772w, http:\/\/www.cgt-hopital-manosque.fr\/wp-content\/uploads\/2018\/06\/960.-Congr\u00e8s-f\u00e9d\u00e9ration-CGT-Sant\u00e9-mai-2018-5-300x200.jpg 300w, http:\/\/www.cgt-hopital-manosque.fr\/wp-content\/uploads\/2018\/06\/960.-Congr\u00e8s-f\u00e9d\u00e9ration-CGT-Sant\u00e9-mai-2018-5-1024x684.jpg 1024w\" sizes=\"(max-width: 1772px) 100vw, 1772px\" \/><\/a><\/p>\n<p><a href=\"http:\/\/www.cgt-hopital-manosque.fr\/wp-content\/uploads\/2018\/06\/960.-Congr\u00e8s-f\u00e9d\u00e9ration-CGT-Sant\u00e9-mai-2018-6.jpg\"><img loading=\"lazy\" decoding=\"async\" src=\"http:\/\/www.cgt-hopital-manosque.fr\/wp-content\/uploads\/2018\/06\/960.-Congr\u00e8s-f\u00e9d\u00e9ration-CGT-Sant\u00e9-mai-2018-6.jpg\" alt=\"960. Congr\u00e8s f\u00e9d\u00e9ration CGT Sant\u00e9 mai 2018 (6)\" width=\"1772\" height=\"1183\" class=\"aligncenter size-full wp-image-5996\" srcset=\"http:\/\/www.cgt-hopital-manosque.fr\/wp-content\/uploads\/2018\/06\/960.-Congr\u00e8s-f\u00e9d\u00e9ration-CGT-Sant\u00e9-mai-2018-6.jpg 1772w, http:\/\/www.cgt-hopital-manosque.fr\/wp-content\/uploads\/2018\/06\/960.-Congr\u00e8s-f\u00e9d\u00e9ration-CGT-Sant\u00e9-mai-2018-6-300x200.jpg 300w, http:\/\/www.cgt-hopital-manosque.fr\/wp-content\/uploads\/2018\/06\/960.-Congr\u00e8s-f\u00e9d\u00e9ration-CGT-Sant\u00e9-mai-2018-6-1024x684.jpg 1024w\" sizes=\"(max-width: 1772px) 100vw, 1772px\" \/><\/a><\/p>\n<p><a href=\"http:\/\/www.cgt-hopital-manosque.fr\/wp-content\/uploads\/2018\/06\/960.-Congr\u00e8s-f\u00e9d\u00e9ration-CGT-Sant\u00e9-mai-2018-7.jpg\"><img loading=\"lazy\" decoding=\"async\" src=\"http:\/\/www.cgt-hopital-manosque.fr\/wp-content\/uploads\/2018\/06\/960.-Congr\u00e8s-f\u00e9d\u00e9ration-CGT-Sant\u00e9-mai-2018-7.jpg\" alt=\"960. Congr\u00e8s f\u00e9d\u00e9ration CGT Sant\u00e9 mai 2018 (7)\" width=\"750\" height=\"539\" class=\"aligncenter size-full wp-image-5997\" srcset=\"http:\/\/www.cgt-hopital-manosque.fr\/wp-content\/uploads\/2018\/06\/960.-Congr\u00e8s-f\u00e9d\u00e9ration-CGT-Sant\u00e9-mai-2018-7.jpg 750w, http:\/\/www.cgt-hopital-manosque.fr\/wp-content\/uploads\/2018\/06\/960.-Congr\u00e8s-f\u00e9d\u00e9ration-CGT-Sant\u00e9-mai-2018-7-300x216.jpg 300w\" sizes=\"(max-width: 750px) 100vw, 750px\" \/><\/a><\/p>\n<p style= \"text-align: justify;\">Salut,<\/p>\n<p style= \"text-align: justify;\">Ci-joint un petit compte-rendu \u00e0 chaud du congr\u00e8s f\u00e9d\u00e9ral, en fonction de ce qui nous revient \u00e0 l&rsquo;esprit au moment d&rsquo;\u00e9crire ces quelques lignes.<br \/>\n>> Ci-joint \u00e9galement la liste de la nouvelle CEF et CFC, ainsi que quelques photos du congr\u00e8s.<\/p>\n<p style= \"text-align: justify;\">Le congr\u00e8s de la f\u00e9d\u00e9ration CGT Sant\u00e9 et Action Sociale s&rsquo;est tenu durant toute la semaine \u00e0 Montpellier du 28 mai au 1er juin. Une d\u00e9l\u00e9gation du 04 \u00e9tait pr\u00e9sente, un coll\u00e8gue a m\u00eame \u00e9tait \u00e9lu au sein de la nouvelle commission ex\u00e9cutive f\u00e9d\u00e9rale (C.E.F). Nous venons  de rentrer \u00e0 l&rsquo;instant, c&rsquo;est l&rsquo;occasion de faire une petite synth\u00e8se \u00e0 chaud de cette semaine tr\u00e8s int\u00e9ressante.<\/p>\n<p style= \"text-align: justify;\">468 d\u00e9l\u00e9gu\u00e9s \u00e9taient pr\u00e9sents auxquels se sont ajout\u00e9s les membres de droit (secr\u00e9taires d\u00e9partementaux, coordinateurs et coordinatrices r\u00e9gionales&#8230;) et les invit\u00e9s.<\/p>\n<p style= \"text-align: justify;\">Le premier congr\u00e8s de notre f\u00e9d\u00e9ration s&rsquo;\u00e9tait d\u00e9j\u00e0 tenu \u00e0 Montpellier en 1982. Il a \u00e9t\u00e9 rappel\u00e9 qu&rsquo;il se tient 100 ans apr\u00e8s la naissance de Nelson Mandela et 50 ans apr\u00e8s Mai 68. Notre f\u00e9d\u00e9ration est la seconde plus importante avec 80 000 adh\u00e9rents&#8230; Ce nombre est en augmentation constante.<\/p>\n<p style= \"text-align: justify;\">Dans le lib\u00e9ralisme actuel, l&rsquo;ensemble des salari\u00e9s sont m\u00e9contents. Mais le fatalisme est \u00e9crasant, et entretenu \u00e0 longueur de journ\u00e9e par des m\u00e9dias et des pseudo-experts qui entretiennent la d\u00e9sinformation et tentent de casser toute id\u00e9e de perspectives ou de faire autrement. C&rsquo;est pourquoi il a \u00e9t\u00e9 rappel\u00e9 la n\u00e9cessit\u00e9 de renforcer la bataille des id\u00e9es au travers de tous les outils en notre possession. Dans ce cadre, la NVO (Nouvelle Vie Ouvri\u00e8re)  est un outil CGT \u00e0 davantage faire connaitre et \u00e0 s&rsquo;abonner.<\/p>\n<p style= \"text-align: justify;\">Nous sommes revenus sur le combat des cheminots qui est aussi le notre. Le lien a largement \u00e9tait r\u00e9alis\u00e9 par les congressistes o\u00f9 il a \u00e9t\u00e9 rappel\u00e9 que nous devons nous appuyer sur les nombreuses luttes gagnantes obtenues ces derniers mois. A \u00e9t\u00e9 soulign\u00e9e l&rsquo;importance de continuer et surtout d&rsquo;amplifier le combat.<\/p>\n<p style= \"text-align: justify;\">De grosses attaques sont entrain de se pr\u00e9parer sur les retraites, dans un secteur o\u00f9 on voit que les salari\u00e9s sont \u00ab\u00a0bousill\u00e9s\u00a0\u00bb de plus en plus jeunes, il est urgent d&rsquo;exiger fortement une retraite \u00e0 60 ans, et 55 ans pour les travaux p\u00e9nibles. Il faut des positions claires et ambitieuses. Plusieurs interventions sont all\u00e9es dans ce sens.<\/p>\n<p style= \"text-align: justify;\">Comme Macron, la ministre Buzyn inverse le sens des mots : elle dit qu&rsquo;\u00e0 travers sa politique, il faut \u00ab\u00a0soigner les soignants\u00a0\u00bb, pourtant elle les rend toujours plus malades&#8230;voir bien pire.<br \/>\nNous arrivons au bout d&rsquo;un syst\u00e8me, les professionnels sont \u00e9puis\u00e9s, maladies professionnelles, suicides et invalidit\u00e9s explosent ! Il faut exiger encore plus fort des embauches massives !<\/p>\n<p style= \"text-align: justify;\">Nous sommes aussi revenus sur les \u00ab\u00a0pratiques avanc\u00e9es\u00a0\u00bb qui constituent une grille de lecture tr\u00e8s \u00ab\u00a0macronienne\u00a0\u00bb, une d\u00e9naturation de nos pratiques, une sous-pratique m\u00e9dicale. Il nous faut d\u00e9fendre avec force nos formations et nos qualifications. Plusieurs d\u00e9l\u00e9gu\u00e9es ont demand\u00e9 un renforcement du travail sur cette th\u00e9matique.<\/p>\n<p style= \"text-align: justify;\">La CGT est le premier contre pouvoir de ce pays, l&rsquo;organisation qui impulse, sans la CGT rien ne se ferait, et \u00ab\u00a0sans lutte, sans rassemblement, point de victoire !\u00a0\u00bb. C&rsquo;est pourquoi, il faudra confirmer notre premi\u00e8re place lors des prochaines \u00e9lections professionnelles du 6 d\u00e9cembre 2018.<\/p>\n<p style= \"text-align: justify;\">Il a \u00e9t\u00e9 rappel\u00e9 les belles batailles men\u00e9es dans les EHPAD, les victoires obtenues&#8230; mais le combat est loin d&rsquo;\u00eatre termin\u00e9. La nouvelle \u00ab\u00a0direction f\u00e9d\u00e9rale\u00a0\u00bb (C.E.F) devra renforcer le rapport de force, amplifier les luttes, et faire davantage entendre les propositions CGT.<\/p>\n<p style= \"text-align: justify;\">De nombreux et nombreuses coll\u00e8gues de l&rsquo;action sociale, du priv\u00e9 et de la psychiatrie se sont exprim\u00e9s avec force. Tous les secteurs subissent les impacts de cette politique n\u00e9olib\u00e9rale o\u00f9 l&rsquo;humain (personnel ou usager) est une simple variable d&rsquo;ajustement.<\/p>\n<p style= \"text-align: justify;\">Il a \u00e9t\u00e9 soulign\u00e9 l&rsquo;importance de monter d&rsquo;un cran en terme revendicatif. Le bilan mitig\u00e9 sur les \u00ab\u00a0GHT\u00a0\u00bb et sur \u00ab\u00a0PPCR\u00a0\u00bb a \u00e9t\u00e9 relev\u00e9 par plusieurs d\u00e9l\u00e9gu\u00e9es. La nouvelle C.E. f\u00e9d\u00e9rale sera particuli\u00e8rement attendue sur la question des GHT ou celle des salaires.<\/p>\n<p style= \"text-align: justify;\">Sur la question du statut de la fonction publique : \u00ab\u00a0c&rsquo;est un verrou o\u00f9 il ne faut rien l\u00e2cher !\u00a0\u00bb. La lutte devra aussi passer par une consultation importante des bases.<\/p>\n<p style= \"text-align: justify;\">A \u00e9t\u00e9 point\u00e9 que dans le mandat pr\u00e9c\u00e9dent le nombre de collectifs a augment\u00e9. Cependant, il faudra qu&rsquo;on ait des comptes-rendus \u00e0 chaque fois, ce qui a \u00e9t\u00e9 loin d&rsquo;\u00eatre le cas. Des d\u00e9l\u00e9gu\u00e9s ont notamment cit\u00e9s le collectif Cat\u00e9gorie C (cat\u00e9gories C, qui repr\u00e9sentent pourtant la majorit\u00e9 des personnels et de nos syndiqu\u00e9s).<\/p>\n<p style= \"text-align: justify;\">Les membres de la commission ex\u00e9cutive (C.E.) f\u00e9d\u00e9rale ont \u00e9t\u00e9 fortement renouvel\u00e9s. De nombreux d\u00e9l\u00e9gu\u00e9s s&rsquo;accordaient \u00e0 dire, \u00e0 la fin du congr\u00e8s, que l&rsquo;\u00e9quipe de la \u00ab\u00a0direction f\u00e9d\u00e9rale\u00a0\u00bb a \u00e9t\u00e9 renforc\u00e9e quantitativement (56 membres \u00e0 la CEF et 5 membres \u00e0 la CFC), mais surtout qualitativement. Le temps, nous dira ce qu&rsquo;il en est r\u00e9ellement.<\/p>\n<p style= \"text-align: justify;\">Maintenant, il va falloir poser les choses aux deux prochaines r\u00e9unions de la C.E. f\u00e9d\u00e9rale de juin et fin ao\u00fbt, ainsi qu&rsquo;au CNF (Comit\u00e9 National F\u00e9d\u00e9ral) de septembre. Il faut rapidement sortir avec des propositions, des exigences de haut niveau.<\/p>\n<p style= \"text-align: justify;\">Cela peut se faire \u00e0 partir de cahiers revendicatifs locaux qu&rsquo;on remonte de fa\u00e7on visible, puis qu&rsquo;on fait redescendre pour cr\u00e9er la mobilisation nationale, par exemple sur la question des GHT.<\/p>\n<p style= \"text-align: justify;\">Il faudra une C.E. f\u00e9d\u00e9rale encore plus proche des bases, qui travaille davantage en lien avec les territoires.<\/p>\n<p style= \"text-align: justify;\">Avec ce congr\u00e8s, on va de l&rsquo;avant, on part sur de bonnes bases.<\/p>\n<p style= \"text-align: justify;\">Un document d&rsquo;orientation vot\u00e9 \u00e0 plus de 98%, ce n&rsquo;est pas rien. Maintenant, il va falloir le faire vivre pendant les trois prochaines ann\u00e9es.<\/p>\n<p style= \"text-align: justify;\">Trois votes ont \u00e9t\u00e9 organis\u00e9s ce matin (vendredi 1er juin) :<br \/>\n* Mireille Stivala a \u00e9t\u00e9 \u00e9lue secr\u00e9taire g\u00e9n\u00e9rale de la f\u00e9d\u00e9ration (ce sera son second mandat \u00e0 cette fonction)<br \/>\n* Rodrigue Clairet a \u00e9t\u00e9 \u00e9lu Administrateur de la f\u00e9d\u00e9ration.<br \/>\n* Carine S\u00e9d\u00e9nio a \u00e9t\u00e9 \u00e9lue Tr\u00e9sori\u00e8re.<\/p>\n<p style= \"text-align: justify;\">Pour notre r\u00e9gion ont \u00e9t\u00e9 \u00e9lus \u00e0 la CEF (Commission Ex\u00e9cutive F\u00e9d\u00e9rale) :<br \/>\n* Cristina Vanossi (APEI d&rsquo;Orange) : CEF<br \/>\n* Patrick Bourdillon (CH d&rsquo;Avignon) : CEF<br \/>\n* C\u00e9dric Volait (CH de Manosque) : CEF<\/p>\n<p style= \"text-align: justify;\">Pour notre r\u00e9gion ont \u00e9t\u00e9 \u00e9lues la CFC (Commission Financi\u00e8re de Contr\u00f4le) :<br \/>\n* Isabelle Godard (CH Ren\u00e9e Sabran) : CFC<br \/>\n* Karine Magne (CH de Montfavet) : CFC<\/p>\n<p style= \"text-align: justify;\">Nous souhaitons beaucoup d&rsquo;engagement, d&rsquo;ambition et de d\u00e9termination \u00e0 la nouvelle \u00ab\u00a0direction f\u00e9d\u00e9rale\u00a0\u00bb !!!<\/p>\n<p style= \"text-align: justify;\">Vive la solidarit\u00e9,<br \/>\nVive la lutte,<br \/>\nEt<br \/>\nVive la CGT Sant\u00e9 et Action Sociale !!!<\/p>\n<p style= \"text-align: justify;\"> <strong>Pour consulter la liste compl\u00e8te de la CEF et de la CFC : <a href=\"http:\/\/www.cgt-hopital-manosque.fr\/wp-content\/uploads\/2018\/06\/960.-Liste-nouvelle-CEF-et-CFC.pdf\">CLIQUER ICI<\/a><br \/>\n<\/strong><\/p>\n","protected":false},"excerpt":{"rendered":"<p>Salut, Ci-joint un petit compte-rendu \u00e0 chaud du congr\u00e8s f\u00e9d\u00e9ral, en fonction de ce qui nous revient \u00e0 l&rsquo;esprit au moment d&rsquo;\u00e9crire ces quelques lignes. >> Ci-joint \u00e9galement la liste de la nouvelle CEF et CFC, ainsi que quelques photos du congr\u00e8s. Le congr\u00e8s de la f\u00e9d\u00e9ration CGT Sant\u00e9 et Action Sociale s&rsquo;est tenu durant [&hellip;]<\/p>\n","protected":false},"author":1,"featured_media":0,"comment_status":"closed","ping_status":"closed","sticky":false,"template":"","format":"standard","meta":{"footnotes":""},"categories":[8],"tags":[],"views":1542,"_links":{"self":[{"href":"http:\/\/www.cgt-hopital-manosque.fr\/index.php?rest_route=\/wp\/v2\/posts\/5990"}],"collection":[{"href":"http:\/\/www.cgt-hopital-manosque.fr\/index.php?rest_route=\/wp\/v2\/posts"}],"about":[{"href":"http:\/\/www.cgt-hopital-manosque.fr\/index.php?rest_route=\/wp\/v2\/types\/post"}],"author":[{"embeddable":true,"href":"http:\/\/www.cgt-hopital-manosque.fr\/index.php?rest_route=\/wp\/v2\/users\/1"}],"replies":[{"embeddable":true,"href":"http:\/\/www.cgt-hopital-manosque.fr\/index.php?rest_route=%2Fwp%2Fv2%2Fcomments&post=5990"}],"version-history":[{"count":15,"href":"http:\/\/www.cgt-hopital-manosque.fr\/index.php?rest_route=\/wp\/v2\/posts\/5990\/revisions"}],"predecessor-version":[{"id":6042,"href":"http:\/\/www.cgt-hopital-manosque.fr\/index.php?rest_route=\/wp\/v2\/posts\/5990\/revisions\/6042"}],"wp:attachment":[{"href":"http:\/\/www.cgt-hopital-manosque.fr\/index.php?rest_route=%2Fwp%2Fv2%2Fmedia&parent=5990"}],"wp:term":[{"taxonomy":"category","embeddable":true,"href":"http:\/\/www.cgt-hopital-manosque.fr\/index.php?rest_route=%2Fwp%2Fv2%2Fcategories&post=5990"},{"taxonomy":"post_tag","embeddable":true,"href":"http:\/\/www.cgt-hopital-manosque.fr\/index.php?rest_route=%2Fwp%2Fv2%2Ftags&post=5990"}],"curies":[{"name":"wp","href":"https:\/\/api.w.org\/{rel}","templated":true}]}}