{"id":6011,"date":"2018-06-03T18:17:03","date_gmt":"2018-06-03T18:17:03","guid":{"rendered":"http:\/\/www.cgt-hopital-manosque.fr\/?p=6011"},"modified":"2018-06-03T18:21:39","modified_gmt":"2018-06-03T18:21:39","slug":"3-juin-2018-feuille-de-route-de-buzyn-sur-les-ehpad-dossier-de-presse-et-articles","status":"publish","type":"post","link":"http:\/\/www.cgt-hopital-manosque.fr\/?p=6011","title":{"rendered":"3 juin 2018 &#8211; Feuille de route de Buzyn sur les EHPAD &#8211; Dossier de presse et articles"},"content":{"rendered":"<p><a href=\"http:\/\/www.cgt-hopital-manosque.fr\/wp-content\/uploads\/2018\/06\/961.-EHPAD-en-souffrance-personnels-en-gr\u00e8ve.jpg\"><img loading=\"lazy\" decoding=\"async\" src=\"http:\/\/www.cgt-hopital-manosque.fr\/wp-content\/uploads\/2018\/06\/961.-EHPAD-en-souffrance-personnels-en-gr\u00e8ve.jpg\" alt=\"EHPAD en souffrance, personnels en gr\u00e8ve\" width=\"870\" height=\"489\" class=\"aligncenter size-full wp-image-6012\" srcset=\"http:\/\/www.cgt-hopital-manosque.fr\/wp-content\/uploads\/2018\/06\/961.-EHPAD-en-souffrance-personnels-en-gr\u00e8ve.jpg 870w, http:\/\/www.cgt-hopital-manosque.fr\/wp-content\/uploads\/2018\/06\/961.-EHPAD-en-souffrance-personnels-en-gr\u00e8ve-300x169.jpg 300w\" sizes=\"(max-width: 870px) 100vw, 870px\" \/><\/a><\/p>\n<p style= \"text-align: justify;\">Malgr\u00e9 quelques avanc\u00e9es, cette \u00ab\u00a0feuille de route\u00a0\u00bb est avant tout, un plan de \u00ab\u00a0com\u00a0\u00bb technico-financier (avec beaucoup de chiffres). <\/p>\n<p style= \"text-align: justify;\">La ministre veut d\u00e9velopper la t\u00e9l\u00e9m\u00e9decine, mais elle ne pr\u00e9cise pas avec quels moyens humains. La ministre veut d\u00e9velopper les infirmi\u00e8res d&rsquo;astreintes la nuit sur plusieurs \u00e9tablissements, ce qui peut s&rsquo;apparenter \u00e0 du bricolage, surtout si en plus on leur fait faire de plus en plus de choses. Elle pr\u00e9voit 360 millions en plus sur 3 ans, c&rsquo;est une avanc\u00e9e obtenues gr\u00e2ce \u00e0 la mobilisation, mais c&rsquo;est encore insuffisant et surtout elle ne dit pas o\u00f9 elle compte les prendre (car il ne faudrait pas se tromper de poches). <\/p>\n<p style= \"text-align: justify;\">Nous avons gagn\u00e9 la bataille des id\u00e9es sur la question de la prise en charge et l&rsquo;accueil des personnes \u00e2g\u00e9es. Et nous avons commenc\u00e9 \u00e0 fissurer le plafond de verre de la question du financement. Il va falloir mettre le paquet dans les prochains mois pour obtenir davantage de moyens humains, mais aussi obtenir de r\u00e9elles avanc\u00e9es sur la question de la formation et des qualifications (qui est en train de constituer un v\u00e9ritable cheval de Troie pour flexibiliser les personnels). <\/p>\n<p style= \"text-align: justify;\">Lors du congr\u00e8s f\u00e9d\u00e9ral une camarade d&rsquo;un EHPAD expliquait que dans l&rsquo;\u00e9tablissement o\u00f9 elle travaille la direction organisait des Kermesses pour r\u00e9cup\u00e9rer des fonds : \u00ab\u00a0on fait des g\u00e2teaux et on se les rach\u00e8te \u00e0 nous m\u00eame\u00a0\u00bb a-t-elle dit et aussi \u00ab\u00a0les salari\u00e9s font du b\u00e9n\u00e9volat impos\u00e9\u00a0\u00bb.<br \/>\nDans l&rsquo;\u00e9tablissement de Puget Th\u00e9niers, dans notre r\u00e9gion, une aide-soignante vient de d\u00e9buter une gr\u00e8ve de la faim car ses droits sont bafou\u00e9s. <\/p>\n<p style= \"text-align: justify;\">Il y a urgence \u00e0 continuer et renforcer le processus de mobilisation. <\/p>\n<p style= \"text-align: justify;\"><strong><br \/>\n&#8211; Pour consulter le dossier de presse du 30 mai 2018 sur la feuille de route \u00ab\u00a0Grand \u00e2ge et autonomie\u00a0\u00bb de la ministre Buzyn : <a href=\"http:\/\/www.cgt-hopital-manosque.fr\/wp-content\/uploads\/2018\/06\/961.-Dossier-de-presse-Buzyn-du-30-mai-2018.pdf\">CLIQUER ICI<\/a><br \/>\n<\/strong><\/p>\n<p style= \"text-align: justify;\"><strong><br \/>\n&#8211; Pour consulter l&rsquo;article d&rsquo;APM du 30 mai : \u00ab\u00a0Feuille de route grand \u00e2ge\u00a0\u00bb : <a href=\"http:\/\/www.cgt-hopital-manosque.fr\/wp-content\/uploads\/2018\/06\/961.-APM-du-30-mai-2018-feuille-de-route-EHPAD.pdf\">CLIQUER ICI<\/a><br \/>\n<\/strong><\/p>\n<p style= \"text-align: justify;\"><strong><br \/>\n&#8211; Pour consulter l&rsquo;article paru dans Lib\u00e9ration le 30 mai \u00ab\u00a0Ehpad : la ministre Agn\u00e8s Buzyn pr\u00e9sente un plan bien froid \u00a0\u00bb : <a href=\"http:\/\/www.cgt-hopital-manosque.fr\/wp-content\/uploads\/2018\/06\/961.-Article-Lib\u00e9ration-EHPAD-30-mai-2018.pdf\">CLIQUER ICI<\/a><br \/>\n<\/strong><\/p>\n<p style= \"text-align: justify;\"><strong><br \/>\n&#8211; Pour consulter l&rsquo;article paru dans l&rsquo;Humanit\u00e9 : \u00ab\u00a0Maisons de retraite &#8211; Une feuille de route bien mince pour les Ehpad\u00a0\u00bb : <a href=\"http:\/\/www.cgt-hopital-manosque.fr\/wp-content\/uploads\/2018\/06\/961.-Article-LHumanit\u00e9-EHPAD-du-31-mai-2018.pdf\">CLIQUER ICI<\/a><br \/>\n<\/strong><\/p>\n","protected":false},"excerpt":{"rendered":"<p>Malgr\u00e9 quelques avanc\u00e9es, cette \u00ab\u00a0feuille de route\u00a0\u00bb est avant tout, un plan de \u00ab\u00a0com\u00a0\u00bb technico-financier (avec beaucoup de chiffres). La ministre veut d\u00e9velopper la t\u00e9l\u00e9m\u00e9decine, mais elle ne pr\u00e9cise pas avec quels moyens humains. La ministre veut d\u00e9velopper les infirmi\u00e8res d&rsquo;astreintes la nuit sur plusieurs \u00e9tablissements, ce qui peut s&rsquo;apparenter \u00e0 du bricolage, surtout si [&hellip;]<\/p>\n","protected":false},"author":1,"featured_media":0,"comment_status":"closed","ping_status":"closed","sticky":false,"template":"","format":"standard","meta":{"footnotes":""},"categories":[8],"tags":[],"views":1342,"_links":{"self":[{"href":"http:\/\/www.cgt-hopital-manosque.fr\/index.php?rest_route=\/wp\/v2\/posts\/6011"}],"collection":[{"href":"http:\/\/www.cgt-hopital-manosque.fr\/index.php?rest_route=\/wp\/v2\/posts"}],"about":[{"href":"http:\/\/www.cgt-hopital-manosque.fr\/index.php?rest_route=\/wp\/v2\/types\/post"}],"author":[{"embeddable":true,"href":"http:\/\/www.cgt-hopital-manosque.fr\/index.php?rest_route=\/wp\/v2\/users\/1"}],"replies":[{"embeddable":true,"href":"http:\/\/www.cgt-hopital-manosque.fr\/index.php?rest_route=%2Fwp%2Fv2%2Fcomments&post=6011"}],"version-history":[{"count":2,"href":"http:\/\/www.cgt-hopital-manosque.fr\/index.php?rest_route=\/wp\/v2\/posts\/6011\/revisions"}],"predecessor-version":[{"id":6018,"href":"http:\/\/www.cgt-hopital-manosque.fr\/index.php?rest_route=\/wp\/v2\/posts\/6011\/revisions\/6018"}],"wp:attachment":[{"href":"http:\/\/www.cgt-hopital-manosque.fr\/index.php?rest_route=%2Fwp%2Fv2%2Fmedia&parent=6011"}],"wp:term":[{"taxonomy":"category","embeddable":true,"href":"http:\/\/www.cgt-hopital-manosque.fr\/index.php?rest_route=%2Fwp%2Fv2%2Fcategories&post=6011"},{"taxonomy":"post_tag","embeddable":true,"href":"http:\/\/www.cgt-hopital-manosque.fr\/index.php?rest_route=%2Fwp%2Fv2%2Ftags&post=6011"}],"curies":[{"name":"wp","href":"https:\/\/api.w.org\/{rel}","templated":true}]}}