{"id":6019,"date":"2018-06-04T17:11:32","date_gmt":"2018-06-04T17:11:32","guid":{"rendered":"http:\/\/www.cgt-hopital-manosque.fr\/?p=6019"},"modified":"2018-06-05T04:52:31","modified_gmt":"2018-06-05T04:52:31","slug":"4-juin-2018-nouveau-decret-sur-lorganisation-des-astreintes-et-des-gardes-medicales-communes-su-et-smur-communique-federation-cgt-sante","status":"publish","type":"post","link":"http:\/\/www.cgt-hopital-manosque.fr\/?p=6019","title":{"rendered":"4 juin 2018 &#8211; Nouveau d\u00e9cret sur l&rsquo;organisation des astreintes et des gardes m\u00e9dicales communes SU et SMUR ( Communiqu\u00e9 F\u00e9d\u00e9ration CGT Sant\u00e9 )"},"content":{"rendered":"<p><a href=\"http:\/\/www.cgt-hopital-manosque.fr\/wp-content\/uploads\/2018\/06\/962.-H\u00f4pital-et-Urgences-en-danger.jpg\"><img loading=\"lazy\" decoding=\"async\" src=\"http:\/\/www.cgt-hopital-manosque.fr\/wp-content\/uploads\/2018\/06\/962.-H\u00f4pital-et-Urgences-en-danger.jpg\" alt=\"H\u00f4pital et Urgences en danger\" width=\"504\" height=\"322\" class=\"aligncenter size-full wp-image-6020\" srcset=\"http:\/\/www.cgt-hopital-manosque.fr\/wp-content\/uploads\/2018\/06\/962.-H\u00f4pital-et-Urgences-en-danger.jpg 504w, http:\/\/www.cgt-hopital-manosque.fr\/wp-content\/uploads\/2018\/06\/962.-H\u00f4pital-et-Urgences-en-danger-300x192.jpg 300w\" sizes=\"(max-width: 504px) 100vw, 504px\" \/><\/a><\/p>\n<p style= \"text-align: justify;\">Le D\u00e9cret 2018-427 du 31 mai 2018 modifie l&rsquo;article D.6124-11 du code la sant\u00e9 publique relatif \u00e0 l&rsquo;organisation de lignes de garde communes entre structure des urgences et structure mobile d&rsquo;ure et de r\u00e9animation. <\/p>\n<p style= \"text-align: justify;\">L&rsquo;article D. 6124-11 du code de la sant\u00e9 publique, le deuxi\u00e8me alin\u00e9a est remplac\u00e9 par un alin\u00e9a ainsi r\u00e9dig\u00e9 :<br \/>\n\u00ab Lorsque l&rsquo;\u00e9quipe de la structure mobile d&rsquo;urgence et de r\u00e9animation intervient en dehors de l&rsquo;\u00e9tablissement, l&rsquo;activit\u00e9 de la structure des urgences est assur\u00e9e par un m\u00e9decin de l&rsquo;\u00e9tablissement et un infirmier de la structure des urgences, pr\u00e9sents sur place. A d\u00e9faut, lorsque la faible activit\u00e9 de la structure des urgences et de la structure mobile d&rsquo;urgence et de r\u00e9animation de l&rsquo;\u00e9tablissement le permet, la pr\u00e9sence m\u00e9dicale dans la structure des urgences est assur\u00e9e par astreinte exclusive pour ce site, le d\u00e9lai d&rsquo;arriv\u00e9e du m\u00e9decin \u00e9tant compatible avec l&rsquo;imp\u00e9ratif de s\u00e9curit\u00e9. Le m\u00e9decin d&rsquo;astreinte est appel\u00e9 par son \u00e9tablissement dans la structure des urgences d\u00e8s le d\u00e9clenchement de la structure mobile d&rsquo;urgence et de r\u00e9animation par le SAMU. \u00bb <\/p>\n<p style= \"text-align: justify;\">Ce texte est un peu moins pire que la version initiale mais en fait au regard du flou de la formulation \u00ab\u00a0\u00e0 faible activit\u00e9\u00a0\u00bb, cela va permettre que les ARS fassent d&rsquo;une exception une g\u00e9n\u00e9ralit\u00e9 pour de nombreux h\u00f4pitaux de proximit\u00e9. <\/p>\n<p style= \"text-align: justify;\">\n<strong>Pour consulter le communiqu\u00e9 de la F\u00e9d\u00e9ration sorti cet apr\u00e8s-midi : <a href=\"http:\/\/www.cgt-hopital-manosque.fr\/wp-content\/uploads\/2018\/06\/962.-Communiqu\u00e9-FD-CGT-Sant\u00e9-Urgences.pdf\">CLIQUER ICI<\/a><br \/>\n<\/strong><\/p>\n","protected":false},"excerpt":{"rendered":"<p>Le D\u00e9cret 2018-427 du 31 mai 2018 modifie l&rsquo;article D.6124-11 du code la sant\u00e9 publique relatif \u00e0 l&rsquo;organisation de lignes de garde communes entre structure des urgences et structure mobile d&rsquo;ure et de r\u00e9animation. L&rsquo;article D. 6124-11 du code de la sant\u00e9 publique, le deuxi\u00e8me alin\u00e9a est remplac\u00e9 par un alin\u00e9a ainsi r\u00e9dig\u00e9 : \u00ab [&hellip;]<\/p>\n","protected":false},"author":1,"featured_media":0,"comment_status":"closed","ping_status":"closed","sticky":false,"template":"","format":"standard","meta":{"footnotes":""},"categories":[8],"tags":[],"views":1270,"_links":{"self":[{"href":"http:\/\/www.cgt-hopital-manosque.fr\/index.php?rest_route=\/wp\/v2\/posts\/6019"}],"collection":[{"href":"http:\/\/www.cgt-hopital-manosque.fr\/index.php?rest_route=\/wp\/v2\/posts"}],"about":[{"href":"http:\/\/www.cgt-hopital-manosque.fr\/index.php?rest_route=\/wp\/v2\/types\/post"}],"author":[{"embeddable":true,"href":"http:\/\/www.cgt-hopital-manosque.fr\/index.php?rest_route=\/wp\/v2\/users\/1"}],"replies":[{"embeddable":true,"href":"http:\/\/www.cgt-hopital-manosque.fr\/index.php?rest_route=%2Fwp%2Fv2%2Fcomments&post=6019"}],"version-history":[{"count":5,"href":"http:\/\/www.cgt-hopital-manosque.fr\/index.php?rest_route=\/wp\/v2\/posts\/6019\/revisions"}],"predecessor-version":[{"id":6029,"href":"http:\/\/www.cgt-hopital-manosque.fr\/index.php?rest_route=\/wp\/v2\/posts\/6019\/revisions\/6029"}],"wp:attachment":[{"href":"http:\/\/www.cgt-hopital-manosque.fr\/index.php?rest_route=%2Fwp%2Fv2%2Fmedia&parent=6019"}],"wp:term":[{"taxonomy":"category","embeddable":true,"href":"http:\/\/www.cgt-hopital-manosque.fr\/index.php?rest_route=%2Fwp%2Fv2%2Fcategories&post=6019"},{"taxonomy":"post_tag","embeddable":true,"href":"http:\/\/www.cgt-hopital-manosque.fr\/index.php?rest_route=%2Fwp%2Fv2%2Ftags&post=6019"}],"curies":[{"name":"wp","href":"https:\/\/api.w.org\/{rel}","templated":true}]}}