{"id":6030,"date":"2018-06-06T20:01:37","date_gmt":"2018-06-06T20:01:37","guid":{"rendered":"http:\/\/www.cgt-hopital-manosque.fr\/?p=6030"},"modified":"2018-06-06T20:01:37","modified_gmt":"2018-06-06T20:01:37","slug":"6-juin-2018-le-journal-de-lud-cgt-04-du-mois-de-mai-2018","status":"publish","type":"post","link":"http:\/\/www.cgt-hopital-manosque.fr\/?p=6030","title":{"rendered":"6 juin 2018 &#8211; Le journal de l&rsquo;UD CGT 04 du mois de mai 2018"},"content":{"rendered":"<p><a href=\"http:\/\/www.cgt-hopital-manosque.fr\/wp-content\/uploads\/2018\/06\/963.-Sommaire-journal-UD-CGT-04-mai-2018.jpg\"><img loading=\"lazy\" decoding=\"async\" src=\"http:\/\/www.cgt-hopital-manosque.fr\/wp-content\/uploads\/2018\/06\/963.-Sommaire-journal-UD-CGT-04-mai-2018.jpg\" alt=\"Sommaire journal UD CGT 04 mai 2018\" width=\"635\" height=\"903\" class=\"aligncenter size-full wp-image-6031\" srcset=\"http:\/\/www.cgt-hopital-manosque.fr\/wp-content\/uploads\/2018\/06\/963.-Sommaire-journal-UD-CGT-04-mai-2018.jpg 635w, http:\/\/www.cgt-hopital-manosque.fr\/wp-content\/uploads\/2018\/06\/963.-Sommaire-journal-UD-CGT-04-mai-2018-211x300.jpg 211w\" sizes=\"(max-width: 635px) 100vw, 635px\" \/><\/a><\/p>\n<p style= \"text-align: justify;\"><strong><br \/>\nSommaire : <\/p>\n<p style= \"text-align: justify;\">Page 1 : Edito d&rsquo;Alain Bard <\/p>\n<p style= \"text-align: justify;\">Page 2 : Journ\u00e9e de mobilisation fonction publique du 22 mai <\/p>\n<p style= \"text-align: justify;\">Page 3 : Congr\u00e8s de l&rsquo;Union Locale de Manosque du 25 mai <\/p>\n<p style= \"text-align: justify;\">Page 4 : Initiatives Mai 68 \/ Mai 2018 <\/p>\n<p style= \"text-align: justify;\">Page 5 : Journ\u00e9e de mobilisation des retrait\u00e9s du 14 juin <\/p>\n<p style= \"text-align: justify;\">Page 6 : STOP TAFTA \/ CETA + Conf\u00e9rence r\u00e9gionale des 7 et 8 juin + Mar\u00e9e populaire du 26 mai <\/p>\n<p style= \"text-align: justify;\">Page 7 : Congr\u00e8s de l&rsquo;Union Locale de Sisteron du 24 mai <\/p>\n<p style= \"text-align: justify;\">Page 8 : Victoire des salari\u00e9s et de la CGT de Carrefour de Digne <\/p>\n<p style= \"text-align: justify;\">\n<p style= \"text-align: justify;\">\nPOUR CONSULTER LE JOURNAL COMPLET : <a href=\"http:\/\/www.cgt-hopital-manosque.fr\/wp-content\/uploads\/2018\/06\/963.-Journal-UD-CGT-04-mai-2018.pdf\">CLIQUER ICI<\/a><br \/>\n<\/strong><\/p>\n","protected":false},"excerpt":{"rendered":"<p>Sommaire : Page 1 : Edito d&rsquo;Alain Bard Page 2 : Journ\u00e9e de mobilisation fonction publique du 22 mai Page 3 : Congr\u00e8s de l&rsquo;Union Locale de Manosque du 25 mai Page 4 : Initiatives Mai 68 \/ Mai 2018 Page 5 : Journ\u00e9e de mobilisation des retrait\u00e9s du 14 juin Page 6 : STOP [&hellip;]<\/p>\n","protected":false},"author":1,"featured_media":0,"comment_status":"closed","ping_status":"closed","sticky":false,"template":"","format":"standard","meta":{"footnotes":""},"categories":[7],"tags":[],"views":1119,"_links":{"self":[{"href":"http:\/\/www.cgt-hopital-manosque.fr\/index.php?rest_route=\/wp\/v2\/posts\/6030"}],"collection":[{"href":"http:\/\/www.cgt-hopital-manosque.fr\/index.php?rest_route=\/wp\/v2\/posts"}],"about":[{"href":"http:\/\/www.cgt-hopital-manosque.fr\/index.php?rest_route=\/wp\/v2\/types\/post"}],"author":[{"embeddable":true,"href":"http:\/\/www.cgt-hopital-manosque.fr\/index.php?rest_route=\/wp\/v2\/users\/1"}],"replies":[{"embeddable":true,"href":"http:\/\/www.cgt-hopital-manosque.fr\/index.php?rest_route=%2Fwp%2Fv2%2Fcomments&post=6030"}],"version-history":[{"count":1,"href":"http:\/\/www.cgt-hopital-manosque.fr\/index.php?rest_route=\/wp\/v2\/posts\/6030\/revisions"}],"predecessor-version":[{"id":6033,"href":"http:\/\/www.cgt-hopital-manosque.fr\/index.php?rest_route=\/wp\/v2\/posts\/6030\/revisions\/6033"}],"wp:attachment":[{"href":"http:\/\/www.cgt-hopital-manosque.fr\/index.php?rest_route=%2Fwp%2Fv2%2Fmedia&parent=6030"}],"wp:term":[{"taxonomy":"category","embeddable":true,"href":"http:\/\/www.cgt-hopital-manosque.fr\/index.php?rest_route=%2Fwp%2Fv2%2Fcategories&post=6030"},{"taxonomy":"post_tag","embeddable":true,"href":"http:\/\/www.cgt-hopital-manosque.fr\/index.php?rest_route=%2Fwp%2Fv2%2Ftags&post=6030"}],"curies":[{"name":"wp","href":"https:\/\/api.w.org\/{rel}","templated":true}]}}