{"id":6035,"date":"2018-06-08T19:14:30","date_gmt":"2018-06-08T19:14:30","guid":{"rendered":"http:\/\/www.cgt-hopital-manosque.fr\/?p=6035"},"modified":"2018-06-08T19:14:30","modified_gmt":"2018-06-08T19:14:30","slug":"8-juin-2018-interview-de-patrick-bourdillon-sur-rt-france-suite-a-la-greve-de-la-faim-de-soignants-a-lhopital-psychiatrique-du-rouvray","status":"publish","type":"post","link":"http:\/\/www.cgt-hopital-manosque.fr\/?p=6035","title":{"rendered":"8 juin 2018 &#8211; Interview de Patrick Bourdillon sur RT France, suite \u00e0 la gr\u00e8ve de la faim de soignants \u00e0 l&rsquo;h\u00f4pital psychiatrique du Rouvray"},"content":{"rendered":"<p style= \"text-align: justify;\"><strong><br \/>\nPour voir la vid\u00e9o, CLIQUER CI-DESSOUS<br \/>\n<iframe loading=\"lazy\" width=\"500\" height=\"281\" src=\"https:\/\/www.youtube.com\/embed\/qCffSnUXfMI?start=10&#038;feature=oembed\" frameborder=\"0\" allow=\"autoplay; encrypted-media\" allowfullscreen><\/iframe><br \/>\n<\/strong><\/p>\n","protected":false},"excerpt":{"rendered":"<p>Pour voir la vid\u00e9o, CLIQUER CI-DESSOUS<\/p>\n","protected":false},"author":1,"featured_media":0,"comment_status":"closed","ping_status":"closed","sticky":false,"template":"","format":"standard","meta":{"footnotes":""},"categories":[8],"tags":[],"views":1228,"_links":{"self":[{"href":"http:\/\/www.cgt-hopital-manosque.fr\/index.php?rest_route=\/wp\/v2\/posts\/6035"}],"collection":[{"href":"http:\/\/www.cgt-hopital-manosque.fr\/index.php?rest_route=\/wp\/v2\/posts"}],"about":[{"href":"http:\/\/www.cgt-hopital-manosque.fr\/index.php?rest_route=\/wp\/v2\/types\/post"}],"author":[{"embeddable":true,"href":"http:\/\/www.cgt-hopital-manosque.fr\/index.php?rest_route=\/wp\/v2\/users\/1"}],"replies":[{"embeddable":true,"href":"http:\/\/www.cgt-hopital-manosque.fr\/index.php?rest_route=%2Fwp%2Fv2%2Fcomments&post=6035"}],"version-history":[{"count":1,"href":"http:\/\/www.cgt-hopital-manosque.fr\/index.php?rest_route=\/wp\/v2\/posts\/6035\/revisions"}],"predecessor-version":[{"id":6036,"href":"http:\/\/www.cgt-hopital-manosque.fr\/index.php?rest_route=\/wp\/v2\/posts\/6035\/revisions\/6036"}],"wp:attachment":[{"href":"http:\/\/www.cgt-hopital-manosque.fr\/index.php?rest_route=%2Fwp%2Fv2%2Fmedia&parent=6035"}],"wp:term":[{"taxonomy":"category","embeddable":true,"href":"http:\/\/www.cgt-hopital-manosque.fr\/index.php?rest_route=%2Fwp%2Fv2%2Fcategories&post=6035"},{"taxonomy":"post_tag","embeddable":true,"href":"http:\/\/www.cgt-hopital-manosque.fr\/index.php?rest_route=%2Fwp%2Fv2%2Ftags&post=6035"}],"curies":[{"name":"wp","href":"https:\/\/api.w.org\/{rel}","templated":true}]}}