{"id":6038,"date":"2018-06-10T17:54:55","date_gmt":"2018-06-10T17:54:55","guid":{"rendered":"http:\/\/www.cgt-hopital-manosque.fr\/?p=6038"},"modified":"2018-06-10T17:54:55","modified_gmt":"2018-06-10T17:54:55","slug":"10-juin-2018-grevistes-de-la-faim-hopital-du-rouvray-la-lutte-a-paye","status":"publish","type":"post","link":"http:\/\/www.cgt-hopital-manosque.fr\/?p=6038","title":{"rendered":"10 juin 2018 &#8211; Gr\u00e9vistes de la faim h\u00f4pital du Rouvray : la lutte a pay\u00e9"},"content":{"rendered":"<p><a href=\"http:\/\/www.cgt-hopital-manosque.fr\/wp-content\/uploads\/2018\/06\/964.-Gr\u00e8ve-de-la-faim-soignants-Rouvray.jpg\"><img loading=\"lazy\" decoding=\"async\" src=\"http:\/\/www.cgt-hopital-manosque.fr\/wp-content\/uploads\/2018\/06\/964.-Gr\u00e8ve-de-la-faim-soignants-Rouvray.jpg\" alt=\"Gr\u00e8ve de la faim soignants Rouvray\" width=\"1500\" height=\"844\" class=\"aligncenter size-full wp-image-6039\" srcset=\"http:\/\/www.cgt-hopital-manosque.fr\/wp-content\/uploads\/2018\/06\/964.-Gr\u00e8ve-de-la-faim-soignants-Rouvray.jpg 1500w, http:\/\/www.cgt-hopital-manosque.fr\/wp-content\/uploads\/2018\/06\/964.-Gr\u00e8ve-de-la-faim-soignants-Rouvray-300x169.jpg 300w, http:\/\/www.cgt-hopital-manosque.fr\/wp-content\/uploads\/2018\/06\/964.-Gr\u00e8ve-de-la-faim-soignants-Rouvray-1024x576.jpg 1024w\" sizes=\"(max-width: 1500px) 100vw, 1500px\" \/><\/a><\/p>\n<p style= \"text-align: justify;\">Une issue positive vient d&rsquo;\u00eatre arrach\u00e9e par les hospitaliers du Rouvray, leur syndicat CGT, et l&rsquo;intersyndicale organis\u00e9e avec un comit\u00e9 de gr\u00e8ve. <\/p>\n<p style= \"text-align: justify;\">La gr\u00e8ve \u00e9tait engag\u00e9e de longue date sur des revendications pr\u00e9cises. <\/p>\n<p style= \"text-align: justify;\">Aujourd&rsquo;hui vendredi 8 juin, vers 16h, apr\u00e8s un vote unanime de plus de 200 hospitaliers (la plus forte assembl\u00e9e du personnel depuis le d\u00e9but du conflit), la signature de Madame Gardel, Directrice de l&rsquo;ARS, a \u00e9t\u00e9 obtenue, sur un protocole de fin de conflit. <\/p>\n<p style= \"text-align: justify;\">Sans tout d\u00e9tailler, nous pouvons dire que l&rsquo;ARS s&rsquo;engage \u00e0 :<br \/>\n&#8211; Cr\u00e9er et financer 30 postes pour les activit\u00e9s et structures de soin actuelles, selon un calendrier pr\u00e9cis.<br \/>\n&#8211; Arr\u00eat des fermetures de structures extra-hospitali\u00e8res, type CMP.<br \/>\n&#8211; Ne pas retirer le service d&rsquo;Addictologie au Rouvray.<br \/>\n&#8211; Attribution quasi assur\u00e9e d&rsquo;une structure d&rsquo;hospitalisation pour les adolescents au Rouvray. Ceci devant mettre fin aux hospitalisations de mineurs dans les structures d&rsquo;adultes.<br \/>\n&#8211; Projet restant \u00e0 finaliser pour attribuer une Unit\u00e9 Hospitali\u00e8re Sp\u00e9cialement Am\u00e9nag\u00e9e (concernant les d\u00e9tenus) au Rouvray.<br \/>\n&#8211; Acc\u00e8s \u00e0 la Fonction publique pour un grand nombre de pr\u00e9caires (CDD) travaillant actuellement au Rouvray. <\/p>\n<p style= \"text-align: justify;\">C&rsquo;est une victoire majeure qui a \u00e9t\u00e9 obtenue par la mobilisation du personnel avec la CGT et l&rsquo;intersyndicale. Toutes les structures de la CGT ont pes\u00e9 pour ce r\u00e9sultat. <\/p>\n<p style= \"text-align: justify;\">La solidarit\u00e9 des syndicats et des salari\u00e9s des autres secteurs, en particulier les cheminots, a \u00e9t\u00e9 tr\u00e8s importante. La manifestation du lundi 4 juin dans Rouen, et le blocage total de Rouen le jeudi 7 juin en t\u00e9moignent. <\/p>\n<p style= \"text-align: justify;\">Tout au long de la gr\u00e8ve, les messages de soutien, les saluts sur le piquet de gr\u00e8ve se sont multipli\u00e9s. <\/p>\n<p style= \"text-align: justify;\">Les hospitaliers ont conduit leur gr\u00e8ve. En obtenant des cr\u00e9ations de postes, les hospitaliers du Rouvray ont fait reculer l&rsquo;\u00e9tranglement et les regroupements d&rsquo;h\u00f4pitaux publics, ainsi que la politique d&rsquo;aust\u00e9rit\u00e9 qui pr\u00e9tend d\u00e9truire les services publics. <\/p>\n<p style= \"text-align: justify;\">Nous sommes tous satisfaits de cette issue et de savoir que tous les coll\u00e8gues vont pouvoir se reposer et soigner leur sant\u00e9. <\/p>\n<p style= \"text-align: justify;\"><strong>La lutte et l&rsquo;unit\u00e9 ont pay\u00e9 ! <\/strong><\/p>\n","protected":false},"excerpt":{"rendered":"<p>Une issue positive vient d&rsquo;\u00eatre arrach\u00e9e par les hospitaliers du Rouvray, leur syndicat CGT, et l&rsquo;intersyndicale organis\u00e9e avec un comit\u00e9 de gr\u00e8ve. La gr\u00e8ve \u00e9tait engag\u00e9e de longue date sur des revendications pr\u00e9cises. Aujourd&rsquo;hui vendredi 8 juin, vers 16h, apr\u00e8s un vote unanime de plus de 200 hospitaliers (la plus forte assembl\u00e9e du personnel depuis [&hellip;]<\/p>\n","protected":false},"author":1,"featured_media":0,"comment_status":"closed","ping_status":"closed","sticky":false,"template":"","format":"standard","meta":{"footnotes":""},"categories":[8],"tags":[],"views":1062,"_links":{"self":[{"href":"http:\/\/www.cgt-hopital-manosque.fr\/index.php?rest_route=\/wp\/v2\/posts\/6038"}],"collection":[{"href":"http:\/\/www.cgt-hopital-manosque.fr\/index.php?rest_route=\/wp\/v2\/posts"}],"about":[{"href":"http:\/\/www.cgt-hopital-manosque.fr\/index.php?rest_route=\/wp\/v2\/types\/post"}],"author":[{"embeddable":true,"href":"http:\/\/www.cgt-hopital-manosque.fr\/index.php?rest_route=\/wp\/v2\/users\/1"}],"replies":[{"embeddable":true,"href":"http:\/\/www.cgt-hopital-manosque.fr\/index.php?rest_route=%2Fwp%2Fv2%2Fcomments&post=6038"}],"version-history":[{"count":1,"href":"http:\/\/www.cgt-hopital-manosque.fr\/index.php?rest_route=\/wp\/v2\/posts\/6038\/revisions"}],"predecessor-version":[{"id":6040,"href":"http:\/\/www.cgt-hopital-manosque.fr\/index.php?rest_route=\/wp\/v2\/posts\/6038\/revisions\/6040"}],"wp:attachment":[{"href":"http:\/\/www.cgt-hopital-manosque.fr\/index.php?rest_route=%2Fwp%2Fv2%2Fmedia&parent=6038"}],"wp:term":[{"taxonomy":"category","embeddable":true,"href":"http:\/\/www.cgt-hopital-manosque.fr\/index.php?rest_route=%2Fwp%2Fv2%2Fcategories&post=6038"},{"taxonomy":"post_tag","embeddable":true,"href":"http:\/\/www.cgt-hopital-manosque.fr\/index.php?rest_route=%2Fwp%2Fv2%2Ftags&post=6038"}],"curies":[{"name":"wp","href":"https:\/\/api.w.org\/{rel}","templated":true}]}}