{"id":6043,"date":"2018-06-11T18:53:01","date_gmt":"2018-06-11T18:53:01","guid":{"rendered":"http:\/\/www.cgt-hopital-manosque.fr\/?p=6043"},"modified":"2018-06-12T05:19:30","modified_gmt":"2018-06-12T05:19:30","slug":"11-juin-2018-greve-de-la-faim-et-action-a-lhopital-de-puget-teniers-et-dentrevaux","status":"publish","type":"post","link":"http:\/\/www.cgt-hopital-manosque.fr\/?p=6043","title":{"rendered":"11 juin 2018 &#8211; Gr\u00e8ve de la faim et action \u00e0 l&rsquo;h\u00f4pital de Puget Th\u00e9niers et d&rsquo;Entrevaux"},"content":{"rendered":"<p><a href=\"http:\/\/www.cgt-hopital-manosque.fr\/wp-content\/uploads\/2018\/06\/965.-Tract-H\u00f4pital-Entrevaux-Puget-Th\u00e9niers.jpg\"><img loading=\"lazy\" decoding=\"async\" src=\"http:\/\/www.cgt-hopital-manosque.fr\/wp-content\/uploads\/2018\/06\/965.-Tract-H\u00f4pital-Entrevaux-Puget-Th\u00e9niers.jpg\" alt=\"Tract H\u00f4pital Entrevaux Puget Th\u00e9niers\" width=\"613\" height=\"889\" class=\"aligncenter size-full wp-image-6044\" srcset=\"http:\/\/www.cgt-hopital-manosque.fr\/wp-content\/uploads\/2018\/06\/965.-Tract-H\u00f4pital-Entrevaux-Puget-Th\u00e9niers.jpg 613w, http:\/\/www.cgt-hopital-manosque.fr\/wp-content\/uploads\/2018\/06\/965.-Tract-H\u00f4pital-Entrevaux-Puget-Th\u00e9niers-207x300.jpg 207w\" sizes=\"(max-width: 613px) 100vw, 613px\" \/><\/a><\/p>\n<p style= \"text-align: justify;\">\n<p><a href=\"http:\/\/www.cgt-hopital-manosque.fr\/wp-content\/uploads\/2018\/06\/965.-Gr\u00e8ve-de-la-faim-h\u00f4pital-Entrevaux-Puget-Th\u00e9nier.jpg\"><img loading=\"lazy\" decoding=\"async\" src=\"http:\/\/www.cgt-hopital-manosque.fr\/wp-content\/uploads\/2018\/06\/965.-Gr\u00e8ve-de-la-faim-h\u00f4pital-Entrevaux-Puget-Th\u00e9nier.jpg\" alt=\"Gr\u00e8ve de la faim h\u00f4pital Entrevaux Puget Th\u00e9nier\" width=\"607\" height=\"883\" class=\"aligncenter size-full wp-image-6045\" srcset=\"http:\/\/www.cgt-hopital-manosque.fr\/wp-content\/uploads\/2018\/06\/965.-Gr\u00e8ve-de-la-faim-h\u00f4pital-Entrevaux-Puget-Th\u00e9nier.jpg 607w, http:\/\/www.cgt-hopital-manosque.fr\/wp-content\/uploads\/2018\/06\/965.-Gr\u00e8ve-de-la-faim-h\u00f4pital-Entrevaux-Puget-Th\u00e9nier-206x300.jpg 206w\" sizes=\"(max-width: 607px) 100vw, 607px\" \/><\/a><\/p>\n<p style= \"text-align: justify;\">\n<p style= \"text-align: justify;\">\n<strong><br \/>\nPOUR CONSULTER LE TRACT POUR APPELER A L&rsquo;ACTION DU 8 JUIN : <a href=\"http:\/\/www.cgt-hopital-manosque.fr\/wp-content\/uploads\/2018\/06\/965.-Tract-puget-juin-2018.pdf\">CLIQUER ICI<\/a><br \/>\n<\/strong>\n<\/p>\n<p style= \"text-align: justify;\">\n<strong><br \/>\nPOUR CONSULTER LE TRACT POUR FAIRE UN PREMIER BILAN DU 8 JUIN : <a href=\"http:\/\/www.cgt-hopital-manosque.fr\/wp-content\/uploads\/2018\/06\/965.-TRACT-08062018-entrevaux-puget-on-continu.pdf\">CLIQUER ICI<\/a><br \/>\n<\/strong><\/p>\n","protected":false},"excerpt":{"rendered":"<p>POUR CONSULTER LE TRACT POUR APPELER A L&rsquo;ACTION DU 8 JUIN : CLIQUER ICI POUR CONSULTER LE TRACT POUR FAIRE UN PREMIER BILAN DU 8 JUIN : CLIQUER ICI<\/p>\n","protected":false},"author":1,"featured_media":0,"comment_status":"closed","ping_status":"closed","sticky":false,"template":"","format":"standard","meta":{"footnotes":""},"categories":[8],"tags":[],"views":1147,"_links":{"self":[{"href":"http:\/\/www.cgt-hopital-manosque.fr\/index.php?rest_route=\/wp\/v2\/posts\/6043"}],"collection":[{"href":"http:\/\/www.cgt-hopital-manosque.fr\/index.php?rest_route=\/wp\/v2\/posts"}],"about":[{"href":"http:\/\/www.cgt-hopital-manosque.fr\/index.php?rest_route=\/wp\/v2\/types\/post"}],"author":[{"embeddable":true,"href":"http:\/\/www.cgt-hopital-manosque.fr\/index.php?rest_route=\/wp\/v2\/users\/1"}],"replies":[{"embeddable":true,"href":"http:\/\/www.cgt-hopital-manosque.fr\/index.php?rest_route=%2Fwp%2Fv2%2Fcomments&post=6043"}],"version-history":[{"count":3,"href":"http:\/\/www.cgt-hopital-manosque.fr\/index.php?rest_route=\/wp\/v2\/posts\/6043\/revisions"}],"predecessor-version":[{"id":6050,"href":"http:\/\/www.cgt-hopital-manosque.fr\/index.php?rest_route=\/wp\/v2\/posts\/6043\/revisions\/6050"}],"wp:attachment":[{"href":"http:\/\/www.cgt-hopital-manosque.fr\/index.php?rest_route=%2Fwp%2Fv2%2Fmedia&parent=6043"}],"wp:term":[{"taxonomy":"category","embeddable":true,"href":"http:\/\/www.cgt-hopital-manosque.fr\/index.php?rest_route=%2Fwp%2Fv2%2Fcategories&post=6043"},{"taxonomy":"post_tag","embeddable":true,"href":"http:\/\/www.cgt-hopital-manosque.fr\/index.php?rest_route=%2Fwp%2Fv2%2Ftags&post=6043"}],"curies":[{"name":"wp","href":"https:\/\/api.w.org\/{rel}","templated":true}]}}