{"id":6055,"date":"2018-06-15T18:12:39","date_gmt":"2018-06-15T18:12:39","guid":{"rendered":"http:\/\/www.cgt-hopital-manosque.fr\/?p=6055"},"modified":"2018-06-15T18:12:39","modified_gmt":"2018-06-15T18:12:39","slug":"15-juin-2018-les-soignants-toulousains-reprennent-la-chanson-dorelsan-basique-pour-denoncer-leurs-conditions-de-travail","status":"publish","type":"post","link":"http:\/\/www.cgt-hopital-manosque.fr\/?p=6055","title":{"rendered":"15 juin 2018 &#8211; Les soignants toulousains reprennent la chanson d&rsquo;Orelsan \u00ab\u00a0Basique\u00a0\u00bb pour d\u00e9noncer leurs conditions de travail"},"content":{"rendered":"<p style= \"text-align: justify;\">Apr\u00e8s la victoire de la mobilisation de l&rsquo;h\u00f4pital psychiatrique du Rouvray, l&rsquo;heure est maintenant \u00e0 la mobilisation de toute la Sant\u00e9 contre les mesures du gouvernement appliqu\u00e9es par les directions hospitali\u00e8res, r\u00e9gionales, des cliniques et des EHPAD&#8230;\n<\/p>\n<p style= \"text-align: justify;\">\n<strong><\/p>\n<p>POUR VOIR LE CLIP, CLIQUER CI-DESSOUS :<\/p>\n<p><iframe loading=\"lazy\" width=\"500\" height=\"281\" src=\"https:\/\/www.youtube.com\/embed\/UJ8JXr_LIW4?feature=oembed\" frameborder=\"0\" allow=\"autoplay; encrypted-media\" allowfullscreen><\/iframe><\/p>\n<p><\/strong><\/p>\n","protected":false},"excerpt":{"rendered":"<p>Apr\u00e8s la victoire de la mobilisation de l&rsquo;h\u00f4pital psychiatrique du Rouvray, l&rsquo;heure est maintenant \u00e0 la mobilisation de toute la Sant\u00e9 contre les mesures du gouvernement appliqu\u00e9es par les directions hospitali\u00e8res, r\u00e9gionales, des cliniques et des EHPAD&#8230; POUR VOIR LE CLIP, CLIQUER CI-DESSOUS :<\/p>\n","protected":false},"author":1,"featured_media":0,"comment_status":"closed","ping_status":"closed","sticky":false,"template":"","format":"standard","meta":{"footnotes":""},"categories":[8],"tags":[],"views":1144,"_links":{"self":[{"href":"http:\/\/www.cgt-hopital-manosque.fr\/index.php?rest_route=\/wp\/v2\/posts\/6055"}],"collection":[{"href":"http:\/\/www.cgt-hopital-manosque.fr\/index.php?rest_route=\/wp\/v2\/posts"}],"about":[{"href":"http:\/\/www.cgt-hopital-manosque.fr\/index.php?rest_route=\/wp\/v2\/types\/post"}],"author":[{"embeddable":true,"href":"http:\/\/www.cgt-hopital-manosque.fr\/index.php?rest_route=\/wp\/v2\/users\/1"}],"replies":[{"embeddable":true,"href":"http:\/\/www.cgt-hopital-manosque.fr\/index.php?rest_route=%2Fwp%2Fv2%2Fcomments&post=6055"}],"version-history":[{"count":1,"href":"http:\/\/www.cgt-hopital-manosque.fr\/index.php?rest_route=\/wp\/v2\/posts\/6055\/revisions"}],"predecessor-version":[{"id":6056,"href":"http:\/\/www.cgt-hopital-manosque.fr\/index.php?rest_route=\/wp\/v2\/posts\/6055\/revisions\/6056"}],"wp:attachment":[{"href":"http:\/\/www.cgt-hopital-manosque.fr\/index.php?rest_route=%2Fwp%2Fv2%2Fmedia&parent=6055"}],"wp:term":[{"taxonomy":"category","embeddable":true,"href":"http:\/\/www.cgt-hopital-manosque.fr\/index.php?rest_route=%2Fwp%2Fv2%2Fcategories&post=6055"},{"taxonomy":"post_tag","embeddable":true,"href":"http:\/\/www.cgt-hopital-manosque.fr\/index.php?rest_route=%2Fwp%2Fv2%2Ftags&post=6055"}],"curies":[{"name":"wp","href":"https:\/\/api.w.org\/{rel}","templated":true}]}}