{"id":6057,"date":"2018-06-16T06:10:35","date_gmt":"2018-06-16T06:10:35","guid":{"rendered":"http:\/\/www.cgt-hopital-manosque.fr\/?p=6057"},"modified":"2018-06-16T06:12:23","modified_gmt":"2018-06-16T06:12:23","slug":"16-juin-2018-info-cgt-hopital-de-manosque-anfh-cgos-precarite-propositions-cgt","status":"publish","type":"post","link":"http:\/\/www.cgt-hopital-manosque.fr\/?p=6057","title":{"rendered":"16 juin 2018 &#8211; Info CGT H\u00f4pital de Manosque (ANFH, CGOS, Pr\u00e9carit\u00e9, maladie, propositions CGT&#8230;)"},"content":{"rendered":"<p><a href=\"http:\/\/www.cgt-hopital-manosque.fr\/wp-content\/uploads\/2018\/06\/967.-Info-CGT-H\u00f4pital-de-Manosque-1.jpg\"><img loading=\"lazy\" decoding=\"async\" src=\"http:\/\/www.cgt-hopital-manosque.fr\/wp-content\/uploads\/2018\/06\/967.-Info-CGT-H\u00f4pital-de-Manosque-1.jpg\" alt=\"967. Info CGT H\u00f4pital de Manosque (1)\" width=\"1240\" height=\"1754\" class=\"aligncenter size-full wp-image-6058\" srcset=\"http:\/\/www.cgt-hopital-manosque.fr\/wp-content\/uploads\/2018\/06\/967.-Info-CGT-H\u00f4pital-de-Manosque-1.jpg 1240w, http:\/\/www.cgt-hopital-manosque.fr\/wp-content\/uploads\/2018\/06\/967.-Info-CGT-H\u00f4pital-de-Manosque-1-212x300.jpg 212w, http:\/\/www.cgt-hopital-manosque.fr\/wp-content\/uploads\/2018\/06\/967.-Info-CGT-H\u00f4pital-de-Manosque-1-724x1024.jpg 724w\" sizes=\"(max-width: 1240px) 100vw, 1240px\" \/><\/a><\/p>\n<p><a href=\"http:\/\/www.cgt-hopital-manosque.fr\/wp-content\/uploads\/2018\/06\/967.-Info-CGT-H\u00f4pital-de-Manosque-2.jpg\"><img loading=\"lazy\" decoding=\"async\" src=\"http:\/\/www.cgt-hopital-manosque.fr\/wp-content\/uploads\/2018\/06\/967.-Info-CGT-H\u00f4pital-de-Manosque-2.jpg\" alt=\"967. Info CGT H\u00f4pital de Manosque (2)\" width=\"1240\" height=\"1754\" class=\"aligncenter size-full wp-image-6059\" srcset=\"http:\/\/www.cgt-hopital-manosque.fr\/wp-content\/uploads\/2018\/06\/967.-Info-CGT-H\u00f4pital-de-Manosque-2.jpg 1240w, http:\/\/www.cgt-hopital-manosque.fr\/wp-content\/uploads\/2018\/06\/967.-Info-CGT-H\u00f4pital-de-Manosque-2-212x300.jpg 212w, http:\/\/www.cgt-hopital-manosque.fr\/wp-content\/uploads\/2018\/06\/967.-Info-CGT-H\u00f4pital-de-Manosque-2-724x1024.jpg 724w\" sizes=\"(max-width: 1240px) 100vw, 1240px\" \/><\/a><\/p>\n<p><a href=\"http:\/\/www.cgt-hopital-manosque.fr\/wp-content\/uploads\/2018\/06\/967.-Info-CGT-H\u00f4pital-de-Manosque-3.jpg\"><img loading=\"lazy\" decoding=\"async\" src=\"http:\/\/www.cgt-hopital-manosque.fr\/wp-content\/uploads\/2018\/06\/967.-Info-CGT-H\u00f4pital-de-Manosque-3.jpg\" alt=\"967. Info CGT H\u00f4pital de Manosque (3)\" width=\"1240\" height=\"1754\" class=\"aligncenter size-full wp-image-6060\" srcset=\"http:\/\/www.cgt-hopital-manosque.fr\/wp-content\/uploads\/2018\/06\/967.-Info-CGT-H\u00f4pital-de-Manosque-3.jpg 1240w, http:\/\/www.cgt-hopital-manosque.fr\/wp-content\/uploads\/2018\/06\/967.-Info-CGT-H\u00f4pital-de-Manosque-3-212x300.jpg 212w, http:\/\/www.cgt-hopital-manosque.fr\/wp-content\/uploads\/2018\/06\/967.-Info-CGT-H\u00f4pital-de-Manosque-3-724x1024.jpg 724w\" sizes=\"(max-width: 1240px) 100vw, 1240px\" \/><\/a><\/p>\n<p><a href=\"http:\/\/www.cgt-hopital-manosque.fr\/wp-content\/uploads\/2018\/06\/967.-Info-CGT-H\u00f4pital-de-Manosque-4.jpg\"><img loading=\"lazy\" decoding=\"async\" src=\"http:\/\/www.cgt-hopital-manosque.fr\/wp-content\/uploads\/2018\/06\/967.-Info-CGT-H\u00f4pital-de-Manosque-4.jpg\" alt=\"967. Info CGT H\u00f4pital de Manosque (4)\" width=\"1240\" height=\"1754\" class=\"aligncenter size-full wp-image-6061\" srcset=\"http:\/\/www.cgt-hopital-manosque.fr\/wp-content\/uploads\/2018\/06\/967.-Info-CGT-H\u00f4pital-de-Manosque-4.jpg 1240w, http:\/\/www.cgt-hopital-manosque.fr\/wp-content\/uploads\/2018\/06\/967.-Info-CGT-H\u00f4pital-de-Manosque-4-212x300.jpg 212w, http:\/\/www.cgt-hopital-manosque.fr\/wp-content\/uploads\/2018\/06\/967.-Info-CGT-H\u00f4pital-de-Manosque-4-724x1024.jpg 724w\" sizes=\"(max-width: 1240px) 100vw, 1240px\" \/><\/a><\/p>\n<p style= \"text-align: justify;\"><strong><br \/>\nPOUR CONSULTER LE DOCUMENT COMPLET : <a href=\"http:\/\/www.cgt-hopital-manosque.fr\/wp-content\/uploads\/2018\/06\/967.-4-pages-Manosque-juin-2018.pdf\">CLIQUER ICI<\/a><br \/>\n<\/strong><\/p>\n","protected":false},"excerpt":{"rendered":"<p>POUR CONSULTER LE DOCUMENT COMPLET : CLIQUER ICI<\/p>\n","protected":false},"author":1,"featured_media":0,"comment_status":"closed","ping_status":"closed","sticky":false,"template":"","format":"standard","meta":{"footnotes":""},"categories":[7,5],"tags":[],"views":1245,"_links":{"self":[{"href":"http:\/\/www.cgt-hopital-manosque.fr\/index.php?rest_route=\/wp\/v2\/posts\/6057"}],"collection":[{"href":"http:\/\/www.cgt-hopital-manosque.fr\/index.php?rest_route=\/wp\/v2\/posts"}],"about":[{"href":"http:\/\/www.cgt-hopital-manosque.fr\/index.php?rest_route=\/wp\/v2\/types\/post"}],"author":[{"embeddable":true,"href":"http:\/\/www.cgt-hopital-manosque.fr\/index.php?rest_route=\/wp\/v2\/users\/1"}],"replies":[{"embeddable":true,"href":"http:\/\/www.cgt-hopital-manosque.fr\/index.php?rest_route=%2Fwp%2Fv2%2Fcomments&post=6057"}],"version-history":[{"count":3,"href":"http:\/\/www.cgt-hopital-manosque.fr\/index.php?rest_route=\/wp\/v2\/posts\/6057\/revisions"}],"predecessor-version":[{"id":6065,"href":"http:\/\/www.cgt-hopital-manosque.fr\/index.php?rest_route=\/wp\/v2\/posts\/6057\/revisions\/6065"}],"wp:attachment":[{"href":"http:\/\/www.cgt-hopital-manosque.fr\/index.php?rest_route=%2Fwp%2Fv2%2Fmedia&parent=6057"}],"wp:term":[{"taxonomy":"category","embeddable":true,"href":"http:\/\/www.cgt-hopital-manosque.fr\/index.php?rest_route=%2Fwp%2Fv2%2Fcategories&post=6057"},{"taxonomy":"post_tag","embeddable":true,"href":"http:\/\/www.cgt-hopital-manosque.fr\/index.php?rest_route=%2Fwp%2Fv2%2Ftags&post=6057"}],"curies":[{"name":"wp","href":"https:\/\/api.w.org\/{rel}","templated":true}]}}