{"id":6075,"date":"2018-06-21T19:06:42","date_gmt":"2018-06-21T19:06:42","guid":{"rendered":"http:\/\/www.cgt-hopital-manosque.fr\/?p=6075"},"modified":"2018-06-21T19:06:42","modified_gmt":"2018-06-21T19:06:42","slug":"21-juin-2018-ehpad-appel-a-la-mobilisation-le-28-juin","status":"publish","type":"post","link":"http:\/\/www.cgt-hopital-manosque.fr\/?p=6075","title":{"rendered":"21 juin 2018 &#8211; EHPAD : APPEL A LA MOBILISATION LE 28 JUIN"},"content":{"rendered":"<p><a href=\"http:\/\/www.cgt-hopital-manosque.fr\/wp-content\/uploads\/2018\/06\/970.-Tract-Mobilisation-EHPAD-du-28-juin.jpg\"><img loading=\"lazy\" decoding=\"async\" src=\"http:\/\/www.cgt-hopital-manosque.fr\/wp-content\/uploads\/2018\/06\/970.-Tract-Mobilisation-EHPAD-du-28-juin.jpg\" alt=\"Tract Mobilisation EHPAD du 28 juin\" width=\"667\" height=\"907\" class=\"aligncenter size-full wp-image-6076\" srcset=\"http:\/\/www.cgt-hopital-manosque.fr\/wp-content\/uploads\/2018\/06\/970.-Tract-Mobilisation-EHPAD-du-28-juin.jpg 667w, http:\/\/www.cgt-hopital-manosque.fr\/wp-content\/uploads\/2018\/06\/970.-Tract-Mobilisation-EHPAD-du-28-juin-221x300.jpg 221w\" sizes=\"(max-width: 667px) 100vw, 667px\" \/><\/a><\/p>\n<p style= \"text-align: justify;\">Aujourd&rsquo;hui, quand la situation se d\u00e9t\u00e9riore, et quand les moyens sont largement insuffisants, les pouvoirs publics ont la f\u00e2cheuse tendance \u00e0 renforcer les d\u00e9marches qualit\u00e9 comme le d\u00e9veloppement des normes. Cela fait partie des discussions actuelles puisque le 13 juin 2018 plusieurs syndicats (dont la CGT) ont \u00e9t\u00e9 auditionn\u00e9s par une mission parlementaire (MECSS) sur le th\u00e8me de la d\u00e9marche qualit\u00e9 en EHPAD o\u00f9 ont \u00e9t\u00e9 abord\u00e9es les notions d&rsquo;\u00e9valuation, de normes, d&rsquo;indicateurs&#8230; <\/p>\n<p style= \"text-align: justify;\">Mais \u00e0 force de cr\u00e9er des normes hors sol, on fait envoler la perte de sens au travail des personnels et on met sur orbite les v\u00e9ritables besoins des r\u00e9sidents. Les d\u00e9marches qualit\u00e9 permettent de lever le zoom sur le manque de moyens et de mettre la lumi\u00e8re sur les pratiques des chefs d&rsquo;\u00e9tablissements et des professionnels en les culpabilisant, et en occultant les v\u00e9ritables d\u00e9bats de fond. <\/p>\n<p style= \"text-align: justify;\">Pour la CGT, la v\u00e9ritable qualit\u00e9 \u00e0 renforcer est celle du travail, et pour cela c&rsquo;est de personnels suppl\u00e9mentaires dont nous avons besoin. Aujourd&rsquo;hui, les personnels des EHPAD n&rsquo;arrivent plus \u00e0 sortir la t\u00eate de l&rsquo;eau ! Seule une main tendue pourra les aider, et elle viendra seulement en augmentant les ratios de personnels. C&rsquo;est pourquoi nous avons r\u00e9guli\u00e8rement besoin de recentrer le d\u00e9bat et d&rsquo;\u00e9viter toutes les tentatives de diversion. <\/p>\n<p style= \"text-align: justify;\">C&rsquo;est tout le sens des mobilisations des personnels des EHPAD depuis plusieurs mois, soutenus par la CGT. Elles ont permis de remporter la bataille des id\u00e9es sur la question de la prise en charge et l&rsquo;accueil des personnes \u00e2g\u00e9es. Et nous avons commenc\u00e9 \u00e0 fissurer le plafond de verre de la question du financement puisque des enveloppes ont \u00e9t\u00e9 d\u00e9bloqu\u00e9es alors qu&rsquo;on nous disait que c&rsquo;\u00e9tait impossible quelques semaines avant. <\/p>\n<p style= \"text-align: justify;\">Il y a urgence \u00e0 continuer et \u00e0 renforcer le processus de mobilisation. <\/p>\n<p style= \"text-align: justify;\">Il y a urgence \u00e0 obtenir de nouvelles avanc\u00e9es afin d\u2019am\u00e9liorer la situation des salari\u00e9(e)s des EHPAD pour leur sant\u00e9 et pour la satisfaction de soigner dignement les personnes \u00e2g\u00e9es en perte d\u2019autonomie. <\/p>\n<p style= \"text-align: justify;\">Il faut continuer \u00e0 expliquer le plus largement possible que nous sommes tous concern\u00e9s par la prise en charge des personnes \u00e2g\u00e9es soit car nous avons un proche, soit car nous aurons \u00e0 y faire face un jour, soit parce qu&rsquo;on y travaille, et donc chaque fois qu&rsquo;il y a une mobilisation, il faut que tout le monde se sente concern\u00e9 !!! <\/p>\n<p style= \"text-align: justify;\">La lutte continue !!!<br \/>\nSoyons nombreux et nombreuses \u00e0 nous mobiliser le 28 juin !!! <\/p>\n<p style= \"text-align: justify;\"><strong><br \/>\nCi-joint le tract f\u00e9d\u00e9ral sur les EHPAD pour le 28 juin qui vient de sortir : <a href=\"http:\/\/www.cgt-hopital-manosque.fr\/wp-content\/uploads\/2018\/06\/970.-Tract-Mobilisation-EHPAD-du-28-juin.pdf\">CLIQUER ICI<\/a><br \/>\n<\/strong><\/p>\n","protected":false},"excerpt":{"rendered":"<p>Aujourd&rsquo;hui, quand la situation se d\u00e9t\u00e9riore, et quand les moyens sont largement insuffisants, les pouvoirs publics ont la f\u00e2cheuse tendance \u00e0 renforcer les d\u00e9marches qualit\u00e9 comme le d\u00e9veloppement des normes. Cela fait partie des discussions actuelles puisque le 13 juin 2018 plusieurs syndicats (dont la CGT) ont \u00e9t\u00e9 auditionn\u00e9s par une mission parlementaire (MECSS) sur [&hellip;]<\/p>\n","protected":false},"author":1,"featured_media":0,"comment_status":"closed","ping_status":"closed","sticky":false,"template":"","format":"standard","meta":{"footnotes":""},"categories":[7],"tags":[],"views":1201,"_links":{"self":[{"href":"http:\/\/www.cgt-hopital-manosque.fr\/index.php?rest_route=\/wp\/v2\/posts\/6075"}],"collection":[{"href":"http:\/\/www.cgt-hopital-manosque.fr\/index.php?rest_route=\/wp\/v2\/posts"}],"about":[{"href":"http:\/\/www.cgt-hopital-manosque.fr\/index.php?rest_route=\/wp\/v2\/types\/post"}],"author":[{"embeddable":true,"href":"http:\/\/www.cgt-hopital-manosque.fr\/index.php?rest_route=\/wp\/v2\/users\/1"}],"replies":[{"embeddable":true,"href":"http:\/\/www.cgt-hopital-manosque.fr\/index.php?rest_route=%2Fwp%2Fv2%2Fcomments&post=6075"}],"version-history":[{"count":1,"href":"http:\/\/www.cgt-hopital-manosque.fr\/index.php?rest_route=\/wp\/v2\/posts\/6075\/revisions"}],"predecessor-version":[{"id":6078,"href":"http:\/\/www.cgt-hopital-manosque.fr\/index.php?rest_route=\/wp\/v2\/posts\/6075\/revisions\/6078"}],"wp:attachment":[{"href":"http:\/\/www.cgt-hopital-manosque.fr\/index.php?rest_route=%2Fwp%2Fv2%2Fmedia&parent=6075"}],"wp:term":[{"taxonomy":"category","embeddable":true,"href":"http:\/\/www.cgt-hopital-manosque.fr\/index.php?rest_route=%2Fwp%2Fv2%2Fcategories&post=6075"},{"taxonomy":"post_tag","embeddable":true,"href":"http:\/\/www.cgt-hopital-manosque.fr\/index.php?rest_route=%2Fwp%2Fv2%2Ftags&post=6075"}],"curies":[{"name":"wp","href":"https:\/\/api.w.org\/{rel}","templated":true}]}}