{"id":727,"date":"2012-09-12T15:48:32","date_gmt":"2012-09-12T15:48:32","guid":{"rendered":"http:\/\/www.cgt-hopital-manosque.fr\/?p=727"},"modified":"2012-09-12T15:58:36","modified_gmt":"2012-09-12T15:58:36","slug":"13-septembre-2012-do-you-speak-english","status":"publish","type":"post","link":"http:\/\/www.cgt-hopital-manosque.fr\/?p=727","title":{"rendered":"13 septembre 2012 &#8211; Do you speak english ?"},"content":{"rendered":"<p>L\u2019ann\u00e9e derni\u00e8re une formation d\u2019anglais \u00e9tait propos\u00e9e aux salari\u00e9s. Malgr\u00e9 leur motivation, de nombreux agents ont annul\u00e9 cette formation car elle n\u2019\u00e9tait pas comptabilis\u00e9e dans le temps de travail.<\/p>\n<p>Cette formation est \u00e9galement propos\u00e9e cette ann\u00e9e mais cette fois-ci dans le cadre du DIF.<\/p>\n<p>Nous apprenons que cette formation est annul\u00e9e\u2026<br \/>\nMais pourquoi ?<br \/>\nPour lire notre tract, <a href='http:\/\/www.cgt-hopital-manosque.fr\/wp-content\/uploads\/2012\/09\/Tract-annulation-formation-anglais.pdf'>cliquer ici<\/a><\/p>\n","protected":false},"excerpt":{"rendered":"<p>L\u2019ann\u00e9e derni\u00e8re une formation d\u2019anglais \u00e9tait propos\u00e9e aux salari\u00e9s. Malgr\u00e9 leur motivation, de nombreux agents ont annul\u00e9 cette formation car elle n\u2019\u00e9tait pas comptabilis\u00e9e dans le temps de travail. Cette formation est \u00e9galement propos\u00e9e cette ann\u00e9e mais cette fois-ci dans le cadre du DIF. Nous apprenons que cette formation est annul\u00e9e\u2026 Mais pourquoi ? Pour [&hellip;]<\/p>\n","protected":false},"author":1,"featured_media":0,"comment_status":"closed","ping_status":"open","sticky":false,"template":"","format":"standard","meta":{"footnotes":""},"categories":[7],"tags":[],"views":2786,"_links":{"self":[{"href":"http:\/\/www.cgt-hopital-manosque.fr\/index.php?rest_route=\/wp\/v2\/posts\/727"}],"collection":[{"href":"http:\/\/www.cgt-hopital-manosque.fr\/index.php?rest_route=\/wp\/v2\/posts"}],"about":[{"href":"http:\/\/www.cgt-hopital-manosque.fr\/index.php?rest_route=\/wp\/v2\/types\/post"}],"author":[{"embeddable":true,"href":"http:\/\/www.cgt-hopital-manosque.fr\/index.php?rest_route=\/wp\/v2\/users\/1"}],"replies":[{"embeddable":true,"href":"http:\/\/www.cgt-hopital-manosque.fr\/index.php?rest_route=%2Fwp%2Fv2%2Fcomments&post=727"}],"version-history":[{"count":2,"href":"http:\/\/www.cgt-hopital-manosque.fr\/index.php?rest_route=\/wp\/v2\/posts\/727\/revisions"}],"predecessor-version":[{"id":731,"href":"http:\/\/www.cgt-hopital-manosque.fr\/index.php?rest_route=\/wp\/v2\/posts\/727\/revisions\/731"}],"wp:attachment":[{"href":"http:\/\/www.cgt-hopital-manosque.fr\/index.php?rest_route=%2Fwp%2Fv2%2Fmedia&parent=727"}],"wp:term":[{"taxonomy":"category","embeddable":true,"href":"http:\/\/www.cgt-hopital-manosque.fr\/index.php?rest_route=%2Fwp%2Fv2%2Fcategories&post=727"},{"taxonomy":"post_tag","embeddable":true,"href":"http:\/\/www.cgt-hopital-manosque.fr\/index.php?rest_route=%2Fwp%2Fv2%2Ftags&post=727"}],"curies":[{"name":"wp","href":"https:\/\/api.w.org\/{rel}","templated":true}]}}