{"id":738,"date":"2012-09-16T17:51:58","date_gmt":"2012-09-16T17:51:58","guid":{"rendered":"http:\/\/www.cgt-hopital-manosque.fr\/?p=738"},"modified":"2012-09-16T17:56:20","modified_gmt":"2012-09-16T17:56:20","slug":"17-septembre-2012-les-fonctionnaires-sont-ils-trop-privilegies","status":"publish","type":"post","link":"http:\/\/www.cgt-hopital-manosque.fr\/?p=738","title":{"rendered":"17 septembre 2012 &#8211; Les fonctionnaires sont-ils trop privil\u00e9gi\u00e9s ?"},"content":{"rendered":"<p style= \"text-align: justify;\">En ce mois de septembre, synonyme souvent de rentr\u00e9e sociale, certains jouent la carte de l\u2019aust\u00e9rit\u00e9. C\u2019est ainsi que le journal Le FIGARO propose de s\u2019attaquer aux privil\u00e8ges des fonctionnaires (toutes cat\u00e9gories confondues). <\/p>\n<p style= \"text-align: justify;\">Selon Le Figaro, le statut serait trop protecteur, les r\u00e9mun\u00e9rations \u00e9lev\u00e9es, le temps de travail pas tr\u00e8s important, les arr\u00eats maladie trop nombreux, les aides familiales trop \u00e9lev\u00e9es, des privil\u00e8ges relatifs au logement et au syst\u00e8me de retraite trop avantageux\u2026<\/p>\n<p style= \"text-align: justify;\">Quand on regarde les salaires dans la fonction publique hospitali\u00e8re, nous n\u2019avons pas l\u2019impression d\u2019\u00eatre des privil\u00e9gi\u00e9s\u2026.bien au contraire. Il y a  par exemple les salaires de nombreux praticiens hospitaliers qui augmentent la moyenne g\u00e9n\u00e9rale des salaires. Mais ce n\u2019est pas la majorit\u00e9 des agents qui gagnent  5000, 8000 ou 10000 \u20ac par mois. De tr\u00e8s nombreux agents ont un salaire \u00e9gal au montant  du SMIC. Notre secteur est constitu\u00e9 de 75% de femmes. Combien sont \u00e0 temps partiel pour s\u2019occuper de leurs enfants ? Combien sont seules \u00e0 \u00e9lever leurs enfants ? Il n\u2019est pas rare pour ces familles de fr\u00e9quenter les restos du c\u0153ur .<br \/>\nConcernant les arr\u00eats maladie, il serait int\u00e9ressant de se poser des questions. Pourquoi y a t il des arr\u00eats maladie dans la fonction publique hospitali\u00e8re ? Pourquoi les agents sont-ils autant stress\u00e9s et en situation de burn out ? <\/p>\n<p style= \"text-align: justify;\">Tous les fonctionnaires de notre pays seraient-ils des feignants, des privil\u00e9gi\u00e9s, des nuisibles \u00e0 \u00e9liminer au plus t\u00f4t ? <\/p>\n<p style= \"text-align: justify;\">Pourquoi certains \u00e9lus ou hauts-fonctionnaires profitant tr\u00e8s largement des avantages de l\u2019Etat tentent de diviser les fran\u00e7ais ? Pourquoi d\u00e9nigrent-ils les fonctionnaires alors qu\u2019ils en sont issus pour la plupart d\u2019entre eux ? <\/p>\n<p style= \"text-align: justify;\">Les fonctionnaires auraient tous les avantages contrairement aux agents du priv\u00e9, dans tous les domaines si on lit le Figaro. <\/p>\n<p style= \"text-align: justify;\">Cela nous semble compl\u00e8tement d\u00e9cal\u00e9 quand on constate ce que vit la grosse majorit\u00e9 des fonctionnaires que nous c\u00f4toyons au quotidien. La plupart se contentent de vivre\u2026ou de survivre. Car qui sont les fonctionnaires ? <\/p>\n<p style= \"text-align: justify;\">Une infirmi\u00e8re qui vous soigne ou vous fait la toilette\u2026Un soldat qui met sa vie en jeu\u2026Un policier qui vous prot\u00e8ge\u2026 Un facteur qui vous apporte le courrier\u2026Un instituteur qui vous apprend \u00e0 \u00e9crire, \u00e0 lire et \u00e0 compter\u2026Un pompier qui sauve votre maison en feu \u2026Une sage-femme qui donne naissance \u00e0 votre enfant\u2026etc\u2026<\/p>\n<p style= \"text-align: justify;\">Mais pourquoi vouloir niveler vers le bas ? Faut-il que tous les salari\u00e9s fran\u00e7ais s\u2019alignent sur les conditions de travail des travailleurs chinois ? La r\u00e9ponse parait \u00e9vidente.<br \/>\n Arr\u00eatons les faux d\u00e9bats, l\u2019hypocrisie et les jalousies\u2026luttons ensemble pour l\u2019am\u00e9lioration de nos conditions de travail. Certaines personnes prennent un malin plaisir \u00e0 allumer des feux\u2026ne nous laissons pas manipuler ! <\/p>\n","protected":false},"excerpt":{"rendered":"<p>En ce mois de septembre, synonyme souvent de rentr\u00e9e sociale, certains jouent la carte de l\u2019aust\u00e9rit\u00e9. C\u2019est ainsi que le journal Le FIGARO propose de s\u2019attaquer aux privil\u00e8ges des fonctionnaires (toutes cat\u00e9gories confondues). Selon Le Figaro, le statut serait trop protecteur, les r\u00e9mun\u00e9rations \u00e9lev\u00e9es, le temps de travail pas tr\u00e8s important, les arr\u00eats maladie trop [&hellip;]<\/p>\n","protected":false},"author":1,"featured_media":0,"comment_status":"closed","ping_status":"open","sticky":false,"template":"","format":"standard","meta":{"footnotes":""},"categories":[8],"tags":[],"views":2301,"_links":{"self":[{"href":"http:\/\/www.cgt-hopital-manosque.fr\/index.php?rest_route=\/wp\/v2\/posts\/738"}],"collection":[{"href":"http:\/\/www.cgt-hopital-manosque.fr\/index.php?rest_route=\/wp\/v2\/posts"}],"about":[{"href":"http:\/\/www.cgt-hopital-manosque.fr\/index.php?rest_route=\/wp\/v2\/types\/post"}],"author":[{"embeddable":true,"href":"http:\/\/www.cgt-hopital-manosque.fr\/index.php?rest_route=\/wp\/v2\/users\/1"}],"replies":[{"embeddable":true,"href":"http:\/\/www.cgt-hopital-manosque.fr\/index.php?rest_route=%2Fwp%2Fv2%2Fcomments&post=738"}],"version-history":[{"count":4,"href":"http:\/\/www.cgt-hopital-manosque.fr\/index.php?rest_route=\/wp\/v2\/posts\/738\/revisions"}],"predecessor-version":[{"id":741,"href":"http:\/\/www.cgt-hopital-manosque.fr\/index.php?rest_route=\/wp\/v2\/posts\/738\/revisions\/741"}],"wp:attachment":[{"href":"http:\/\/www.cgt-hopital-manosque.fr\/index.php?rest_route=%2Fwp%2Fv2%2Fmedia&parent=738"}],"wp:term":[{"taxonomy":"category","embeddable":true,"href":"http:\/\/www.cgt-hopital-manosque.fr\/index.php?rest_route=%2Fwp%2Fv2%2Fcategories&post=738"},{"taxonomy":"post_tag","embeddable":true,"href":"http:\/\/www.cgt-hopital-manosque.fr\/index.php?rest_route=%2Fwp%2Fv2%2Ftags&post=738"}],"curies":[{"name":"wp","href":"https:\/\/api.w.org\/{rel}","templated":true}]}}