{"id":743,"date":"2012-09-19T18:44:28","date_gmt":"2012-09-19T18:44:28","guid":{"rendered":"http:\/\/www.cgt-hopital-manosque.fr\/?p=743"},"modified":"2012-09-19T18:45:23","modified_gmt":"2012-09-19T18:45:23","slug":"19-septembre-2012-rdv-le-21-septembre-a-11h30-pour-legalite-femme-femme","status":"publish","type":"post","link":"http:\/\/www.cgt-hopital-manosque.fr\/?p=743","title":{"rendered":"19 septembre 2012 &#8211; RDV le 21 septembre \u00e0 11h30 pour l&rsquo;\u00e9galit\u00e9 femme \/ homme"},"content":{"rendered":"<p>Vendredi 21 septembre 2012 \u00e0 partir de 11h30<br \/>\nRassemblement devant l\u2019entr\u00e9e de l\u2019h\u00f4pital de Manosque<br \/>\nsur le th\u00e8me : EGALITE SALARIALE FEMME\/HOMME<br \/>\nConf\u00e9rence de Presse avec Agn\u00e9s Naton,<br \/>\nsecr\u00e9taire conf\u00e9d\u00e9rale CGT et Directrice de la NVO.<br \/>\nDe nombreux \u00e9lus sont invit\u00e9s,<br \/>\nainsi que le charg\u00e9 de mission de la condition f\u00e9minine du 04.<br \/>\nVENEZ NOMBREUX<\/p>\n","protected":false},"excerpt":{"rendered":"<p>Vendredi 21 septembre 2012 \u00e0 partir de 11h30 Rassemblement devant l\u2019entr\u00e9e de l\u2019h\u00f4pital de Manosque sur le th\u00e8me : EGALITE SALARIALE FEMME\/HOMME Conf\u00e9rence de Presse avec Agn\u00e9s Naton, secr\u00e9taire conf\u00e9d\u00e9rale CGT et Directrice de la NVO. De nombreux \u00e9lus sont invit\u00e9s, ainsi que le charg\u00e9 de mission de la condition f\u00e9minine du 04. VENEZ NOMBREUX<\/p>\n","protected":false},"author":1,"featured_media":0,"comment_status":"closed","ping_status":"open","sticky":false,"template":"","format":"standard","meta":{"footnotes":""},"categories":[7],"tags":[],"views":2288,"_links":{"self":[{"href":"http:\/\/www.cgt-hopital-manosque.fr\/index.php?rest_route=\/wp\/v2\/posts\/743"}],"collection":[{"href":"http:\/\/www.cgt-hopital-manosque.fr\/index.php?rest_route=\/wp\/v2\/posts"}],"about":[{"href":"http:\/\/www.cgt-hopital-manosque.fr\/index.php?rest_route=\/wp\/v2\/types\/post"}],"author":[{"embeddable":true,"href":"http:\/\/www.cgt-hopital-manosque.fr\/index.php?rest_route=\/wp\/v2\/users\/1"}],"replies":[{"embeddable":true,"href":"http:\/\/www.cgt-hopital-manosque.fr\/index.php?rest_route=%2Fwp%2Fv2%2Fcomments&post=743"}],"version-history":[{"count":3,"href":"http:\/\/www.cgt-hopital-manosque.fr\/index.php?rest_route=\/wp\/v2\/posts\/743\/revisions"}],"predecessor-version":[{"id":746,"href":"http:\/\/www.cgt-hopital-manosque.fr\/index.php?rest_route=\/wp\/v2\/posts\/743\/revisions\/746"}],"wp:attachment":[{"href":"http:\/\/www.cgt-hopital-manosque.fr\/index.php?rest_route=%2Fwp%2Fv2%2Fmedia&parent=743"}],"wp:term":[{"taxonomy":"category","embeddable":true,"href":"http:\/\/www.cgt-hopital-manosque.fr\/index.php?rest_route=%2Fwp%2Fv2%2Fcategories&post=743"},{"taxonomy":"post_tag","embeddable":true,"href":"http:\/\/www.cgt-hopital-manosque.fr\/index.php?rest_route=%2Fwp%2Fv2%2Ftags&post=743"}],"curies":[{"name":"wp","href":"https:\/\/api.w.org\/{rel}","templated":true}]}}