{"id":7575,"date":"2020-03-16T15:10:28","date_gmt":"2020-03-16T15:10:28","guid":{"rendered":"http:\/\/www.cgt-hopital-manosque.fr\/?p=7575"},"modified":"2020-03-16T15:11:54","modified_gmt":"2020-03-16T15:11:54","slug":"16-mars-2020-conference-du-pr-philippe-sansonetti-covid-19-ou-la-chronique-dune-emergence-annoncee","status":"publish","type":"post","link":"http:\/\/www.cgt-hopital-manosque.fr\/?p=7575","title":{"rendered":"16 mars 2020 &#8211; Conf\u00e9rence du Pr Philippe Sansonetti : Covid-19 ou la chronique d&rsquo;une \u00e9mergence annonc\u00e9e"},"content":{"rendered":"<p style= \"text-align: justify;\">\n<strong><br \/>\nPOUR VOIR LA CONFERENCE DE CE JOUR, CLIQUER CI-DESSOUS :<br \/>\n<iframe loading=\"lazy\" width=\"500\" height=\"281\" src=\"https:\/\/www.youtube.com\/embed\/JKY1i7IpK3Y?feature=oembed\" frameborder=\"0\" allow=\"accelerometer; autoplay; encrypted-media; gyroscope; picture-in-picture\" allowfullscreen><\/iframe><br \/>\n<\/strong>\n<\/p>\n<p style= \"text-align: justify;\">\n","protected":false},"excerpt":{"rendered":"<p>POUR VOIR LA CONFERENCE DE CE JOUR, CLIQUER CI-DESSOUS :<\/p>\n","protected":false},"author":1,"featured_media":0,"comment_status":"closed","ping_status":"closed","sticky":false,"template":"","format":"standard","meta":{"footnotes":""},"categories":[8],"tags":[],"views":882,"_links":{"self":[{"href":"http:\/\/www.cgt-hopital-manosque.fr\/index.php?rest_route=\/wp\/v2\/posts\/7575"}],"collection":[{"href":"http:\/\/www.cgt-hopital-manosque.fr\/index.php?rest_route=\/wp\/v2\/posts"}],"about":[{"href":"http:\/\/www.cgt-hopital-manosque.fr\/index.php?rest_route=\/wp\/v2\/types\/post"}],"author":[{"embeddable":true,"href":"http:\/\/www.cgt-hopital-manosque.fr\/index.php?rest_route=\/wp\/v2\/users\/1"}],"replies":[{"embeddable":true,"href":"http:\/\/www.cgt-hopital-manosque.fr\/index.php?rest_route=%2Fwp%2Fv2%2Fcomments&post=7575"}],"version-history":[{"count":2,"href":"http:\/\/www.cgt-hopital-manosque.fr\/index.php?rest_route=\/wp\/v2\/posts\/7575\/revisions"}],"predecessor-version":[{"id":7577,"href":"http:\/\/www.cgt-hopital-manosque.fr\/index.php?rest_route=\/wp\/v2\/posts\/7575\/revisions\/7577"}],"wp:attachment":[{"href":"http:\/\/www.cgt-hopital-manosque.fr\/index.php?rest_route=%2Fwp%2Fv2%2Fmedia&parent=7575"}],"wp:term":[{"taxonomy":"category","embeddable":true,"href":"http:\/\/www.cgt-hopital-manosque.fr\/index.php?rest_route=%2Fwp%2Fv2%2Fcategories&post=7575"},{"taxonomy":"post_tag","embeddable":true,"href":"http:\/\/www.cgt-hopital-manosque.fr\/index.php?rest_route=%2Fwp%2Fv2%2Ftags&post=7575"}],"curies":[{"name":"wp","href":"https:\/\/api.w.org\/{rel}","templated":true}]}}