{"id":7594,"date":"2020-03-18T21:28:05","date_gmt":"2020-03-18T21:28:05","guid":{"rendered":"http:\/\/www.cgt-hopital-manosque.fr\/?p=7594"},"modified":"2020-03-18T21:28:40","modified_gmt":"2020-03-18T21:28:40","slug":"18-mars-2020-coronavirus-materiel-droit-de-retrait-droit-dalerte","status":"publish","type":"post","link":"http:\/\/www.cgt-hopital-manosque.fr\/?p=7594","title":{"rendered":"18 mars 2020 &#8211; Coronavirus, mat\u00e9riel, droit de retrait, droit d&rsquo;alerte&#8230;"},"content":{"rendered":"<p><a href=\"http:\/\/www.cgt-hopital-manosque.fr\/wp-content\/uploads\/2020\/03\/1240.-Droit-de-retrait-Coronavirus.jpg\"><img loading=\"lazy\" decoding=\"async\" src=\"http:\/\/www.cgt-hopital-manosque.fr\/wp-content\/uploads\/2020\/03\/1240.-Droit-de-retrait-Coronavirus.jpg\" alt=\"Droit de retrait Coronavirus\" width=\"1200\" height=\"700\" class=\"aligncenter size-full wp-image-7595\" srcset=\"http:\/\/www.cgt-hopital-manosque.fr\/wp-content\/uploads\/2020\/03\/1240.-Droit-de-retrait-Coronavirus.jpg 1200w, http:\/\/www.cgt-hopital-manosque.fr\/wp-content\/uploads\/2020\/03\/1240.-Droit-de-retrait-Coronavirus-300x175.jpg 300w, http:\/\/www.cgt-hopital-manosque.fr\/wp-content\/uploads\/2020\/03\/1240.-Droit-de-retrait-Coronavirus-1024x597.jpg 1024w\" sizes=\"(max-width: 1200px) 100vw, 1200px\" \/><\/a><\/p>\n<p><strong><\/p>\n<p style= \"text-align: justify;\">\nEntre les annonces du gouvernement et la r\u00e9alit\u00e9 il y a un monde. Entre la d\u00e9claration du pr\u00e9sident \u00ab\u00a0nous sommes en guerre\u00a0\u00bb et la volont\u00e9 de maintenir l&rsquo;activit\u00e9 \u00e9conomique, il y a un monde&#8230;On le voit par exemple quand on discute avec des coll\u00e8gues de La Poste. Entre la d\u00e9claration sur le mat\u00e9riel accessible \u00e0 tous et la r\u00e9alit\u00e9 dans nos structures, il y a l\u00e0 aussi un monde.\n<\/p>\n<p style= \"text-align: justify;\">\nQuand on discute avec les personnels de la sant\u00e9 et de l&rsquo;action sociale, on voit qu&rsquo;on ne manque pas d&rsquo;engagement et de courage. Par contre, on manque de mat\u00e9riel. On manque de d\u00e9cisions claires que ce soit sur la strat\u00e9gie choisie nationalement mais \u00e9galement dans la gestion de certains \u00e9tablissements.\n<\/p>\n<p style= \"text-align: justify;\">\nCela peut cr\u00e9er de l&rsquo;incompr\u00e9hension, de l&rsquo;inqui\u00e9tude voire de l&rsquo;ins\u00e9curit\u00e9. Depuis hier, nous avons eu plusieurs questions sur le droit de retrait et le droit d&rsquo;alerte. Nous allons essayer d&rsquo;apporter quelques \u00e9l\u00e9ments.\n<\/p>\n<p style= \"text-align: justify;\">\nPour le droit de retrait, c&rsquo;est la m\u00eame chose dans le priv\u00e9 et dans le public. C&rsquo;est le code du travail qui pr\u00e9voit les modalit\u00e9s.\n<\/p>\n<p style= \"text-align: justify;\">\nSi un travailleur estime que sa sant\u00e9 est en danger, il peut faire un \u00ab\u00a0droit de retrait\u00a0\u00bb. Cependant, il ne faut pas rentrer chez soi. Nous sommes toujours \u00e0 disposition de l&#8217;employeur. Ensuite, on ne peut pas mettre la vie d&rsquo;autres personnes en danger en pratiquant ce droit de retrait. Si on est le seul personnel dans une structure de prise en charge, on ne peut pas laisser les patients tous seuls.\n<\/p>\n<p style= \"text-align: justify;\">\nDu coup, il y a des secteurs o\u00f9 c&rsquo;est plus facile que d&rsquo;autres \u00e0 mettre en application. Ce ne sera pas la m\u00eame chose pour une posti\u00e8re, une caissi\u00e8re ou une infirmi\u00e8re.\n<\/p>\n<p style= \"text-align: justify;\">\nSi un travailleur se trouve dans un service o\u00f9 personne n&rsquo;est contamin\u00e9 et qu&rsquo;il n&rsquo;a pas de masque, il n&rsquo;est pas cens\u00e9 pouvoir pratiquer un droit de retrait sauf s&rsquo;il est immuno-d\u00e9prim\u00e9, ou s&rsquo;il a une pathologie lourde (exemple Diab\u00e8te 2), o\u00f9 une femme enceinte.\n<\/p>\n<p style= \"text-align: justify;\">\nLogiquement, si les directions ont bien fait les choses tous les travailleurs fragiles devraient d\u00e9j\u00e0 \u00eatre confin\u00e9s chez eux. Il est important que les repr\u00e9sentants du personnel soit vigilant et v\u00e9rifie que toutes les personnes fragiles de leur \u00e9tablissement aient bien \u00e9t\u00e9 identifi\u00e9es puis confin\u00e9es. Dans tous les cas, il serait important de faire un rappel aux personnels (\u00ab\u00a0si vous \u00eates enceinte, faites le savoir&#8230; Si vous \u00eates immuno-d\u00e9prim\u00e9 ou en situation fragile faites le savoir&#8230;\u00a0\u00bb).\n<\/p>\n<p style= \"text-align: justify;\">\nSi un soignant d&rsquo;un service de r\u00e9a n&rsquo;a pas de masque, il serait en droit de faire un droit de retrait.\n<\/p>\n<p style= \"text-align: justify;\">\nOn parle toujours des soignants mais il y a les agents d&rsquo;accueil, les agents de s\u00e9curit\u00e9, les agents techniques,  les secr\u00e9taires m\u00e9dicales, les travailleurs sociaux&#8230; qui doivent \u00eatre prot\u00e9g\u00e9s \u00e9galement et doivent avoir du mat\u00e9riel.\n<\/p>\n<p style= \"text-align: justify;\">\nEstimer qu&rsquo;on est en danger peut \u00eatre le fait d&rsquo;\u00eatre en contact avec un patient contamin\u00e9&#8230; Mais cela peut \u00eatre aussi le fait parfois d&rsquo;une absence d&rsquo;informations, ou bien d&rsquo;une absence de mat\u00e9riel de protection.\n<\/p>\n<p style= \"text-align: justify;\">\nDans la p\u00e9riode, les CHSCT dans le public ou les CSE dans le priv\u00e9 ont un r\u00f4le important \u00e0 jouer.\n<\/p>\n<p style= \"text-align: justify;\">\nIl est possible d&rsquo;utiliser un droit d&rsquo;alerte en alertant imm\u00e9diatement l&#8217;employeur de toute situation de travail dont on a un motif raisonnable de penser qu&rsquo;elle pr\u00e9sente un danger grave et imminent pour la vie ou la sant\u00e9 d&rsquo;un travailleur.\n<\/p>\n<p style= \"text-align: justify;\">\nDans la p\u00e9riode actuelle, il est important que les repr\u00e9sentants du personnel fassent un point r\u00e9gulier avec les directions d&rsquo;\u00e9tablissement sur l&rsquo;\u00e9volution de la situation, les moyens mis en \u0153uvre pour la protection des personnels, l&rsquo;\u00e9tat actualis\u00e9 du mat\u00e9riel&#8230;\n<\/p>\n<p style= \"text-align: justify;\">\nIl ne faut pas que les consignes soient \u00e0 g\u00e9om\u00e9trie variable en fonction des \u00e9tablissements ou des directeurs. D&rsquo;o\u00f9 l&rsquo;importance de travailler en lien entre syndicats pour avoir une vision de l&rsquo;activit\u00e9 dans les territoires.\n<\/p>\n<p style= \"text-align: justify;\">\nFaire attention de ne pas laisser les coll\u00e8gues des petites structures isol\u00e9s et livr\u00e9s \u00e0 eux m\u00eames. Car c&rsquo;est souvent dans ces structures qu&rsquo;on voit le plus de bricolage, de pratiques insolites, d&rsquo;inqui\u00e9tude ou d&rsquo;ins\u00e9curit\u00e9.\n<\/p>\n<p style= \"text-align: justify;\">\nBon courage !!!\n<\/p>\n<p style= \"text-align: justify;\">\n>> Ci-joint une note du cabinet CIDECOS sur le droit de retrait et le droit d&rsquo;alerte : <a href=\"http:\/\/www.cgt-hopital-manosque.fr\/wp-content\/uploads\/2020\/03\/1240.-Droit-de-retrait-et-DGI.pdf\">CLIQUER ICI<\/a>\n<\/p>\n<p><\/strong><\/p>\n<p style= \"text-align: justify;\">\n","protected":false},"excerpt":{"rendered":"<p>Entre les annonces du gouvernement et la r\u00e9alit\u00e9 il y a un monde. Entre la d\u00e9claration du pr\u00e9sident \u00ab\u00a0nous sommes en guerre\u00a0\u00bb et la volont\u00e9 de maintenir l&rsquo;activit\u00e9 \u00e9conomique, il y a un monde&#8230;On le voit par exemple quand on discute avec des coll\u00e8gues de La Poste. Entre la d\u00e9claration sur le mat\u00e9riel accessible \u00e0 [&hellip;]<\/p>\n","protected":false},"author":1,"featured_media":0,"comment_status":"closed","ping_status":"closed","sticky":false,"template":"","format":"standard","meta":{"footnotes":""},"categories":[7],"tags":[],"views":1026,"_links":{"self":[{"href":"http:\/\/www.cgt-hopital-manosque.fr\/index.php?rest_route=\/wp\/v2\/posts\/7594"}],"collection":[{"href":"http:\/\/www.cgt-hopital-manosque.fr\/index.php?rest_route=\/wp\/v2\/posts"}],"about":[{"href":"http:\/\/www.cgt-hopital-manosque.fr\/index.php?rest_route=\/wp\/v2\/types\/post"}],"author":[{"embeddable":true,"href":"http:\/\/www.cgt-hopital-manosque.fr\/index.php?rest_route=\/wp\/v2\/users\/1"}],"replies":[{"embeddable":true,"href":"http:\/\/www.cgt-hopital-manosque.fr\/index.php?rest_route=%2Fwp%2Fv2%2Fcomments&post=7594"}],"version-history":[{"count":2,"href":"http:\/\/www.cgt-hopital-manosque.fr\/index.php?rest_route=\/wp\/v2\/posts\/7594\/revisions"}],"predecessor-version":[{"id":7598,"href":"http:\/\/www.cgt-hopital-manosque.fr\/index.php?rest_route=\/wp\/v2\/posts\/7594\/revisions\/7598"}],"wp:attachment":[{"href":"http:\/\/www.cgt-hopital-manosque.fr\/index.php?rest_route=%2Fwp%2Fv2%2Fmedia&parent=7594"}],"wp:term":[{"taxonomy":"category","embeddable":true,"href":"http:\/\/www.cgt-hopital-manosque.fr\/index.php?rest_route=%2Fwp%2Fv2%2Fcategories&post=7594"},{"taxonomy":"post_tag","embeddable":true,"href":"http:\/\/www.cgt-hopital-manosque.fr\/index.php?rest_route=%2Fwp%2Fv2%2Ftags&post=7594"}],"curies":[{"name":"wp","href":"https:\/\/api.w.org\/{rel}","templated":true}]}}