{"id":7604,"date":"2020-03-21T14:08:24","date_gmt":"2020-03-21T14:08:24","guid":{"rendered":"http:\/\/www.cgt-hopital-manosque.fr\/?p=7604"},"modified":"2020-03-21T14:16:40","modified_gmt":"2020-03-21T14:16:40","slug":"21-mars-2020-suspension-du-jour-de-carence-dans-le-public-et-dans-le-prive","status":"publish","type":"post","link":"http:\/\/www.cgt-hopital-manosque.fr\/?p=7604","title":{"rendered":"21 mars 2020 &#8211; Suspension du jour de carence dans le public et dans le priv\u00e9"},"content":{"rendered":"<p><a href=\"http:\/\/www.cgt-hopital-manosque.fr\/wp-content\/uploads\/2020\/03\/1242.-Suspension-du-jour-de-carence-public-et-priv\u00e9.jpeg\"><img loading=\"lazy\" decoding=\"async\" src=\"http:\/\/www.cgt-hopital-manosque.fr\/wp-content\/uploads\/2020\/03\/1242.-Suspension-du-jour-de-carence-public-et-priv\u00e9.jpeg\" alt=\"1242. Suspension du jour de carence public et priv\u00e9\" width=\"854\" height=\"569\" class=\"aligncenter size-full wp-image-7609\" srcset=\"http:\/\/www.cgt-hopital-manosque.fr\/wp-content\/uploads\/2020\/03\/1242.-Suspension-du-jour-de-carence-public-et-priv\u00e9.jpeg 854w, http:\/\/www.cgt-hopital-manosque.fr\/wp-content\/uploads\/2020\/03\/1242.-Suspension-du-jour-de-carence-public-et-priv\u00e9-300x200.jpeg 300w\" sizes=\"(max-width: 854px) 100vw, 854px\" \/><\/a><\/p>\n<p><strong><\/p>\n<p style= \"text-align: justify;\">\nLe gouvernement suspend le jour de carence des arr\u00eats maladie pendant l&rsquo;\u00e9pid\u00e9mie. Pendant toute la p\u00e9riode de l&rsquo;urgence sanitaire, les salari\u00e9s du secteur priv\u00e9 comme du secteur public seront int\u00e9gralement indemnis\u00e9s d\u00e8s le premier jour de l&rsquo;arr\u00eat.\n<\/p>\n<p style= \"text-align: justify;\">\n>> Ci-joint la d\u00e9claration unitaire sur la suspension du jour de carence : <a href=\"http:\/\/www.cgt-hopital-manosque.fr\/wp-content\/uploads\/2020\/03\/1242.-declaration_unitaire_fp_jour_de_carence_21_mars_2020-2.pdf\">CLIQUER ICI<\/a>\n<\/p>\n<p style= \"text-align: justify;\">\n>> Pour lire l&rsquo;article du journal \u00ab\u00a0Le Monde\u00a0\u00bb, cliquer sur ce lien : <a href=\"https:\/\/www.lemonde.fr\/politique\/article\/2020\/03\/21\/le-gouvernement-suspend-le-jour-de-carence-des-arrets-maladies-pendant-l-epidemie_6033960_823448.html\"target=\"_blank\">CLIQUER ICI<\/a>\n<\/p>\n<p><\/strong><\/p>\n<p style= \"text-align: justify;\">\n","protected":false},"excerpt":{"rendered":"<p>Le gouvernement suspend le jour de carence des arr\u00eats maladie pendant l&rsquo;\u00e9pid\u00e9mie. Pendant toute la p\u00e9riode de l&rsquo;urgence sanitaire, les salari\u00e9s du secteur priv\u00e9 comme du secteur public seront int\u00e9gralement indemnis\u00e9s d\u00e8s le premier jour de l&rsquo;arr\u00eat. >> Ci-joint la d\u00e9claration unitaire sur la suspension du jour de carence : CLIQUER ICI >> Pour lire [&hellip;]<\/p>\n","protected":false},"author":1,"featured_media":0,"comment_status":"closed","ping_status":"closed","sticky":false,"template":"","format":"standard","meta":{"footnotes":""},"categories":[5],"tags":[],"views":1771,"_links":{"self":[{"href":"http:\/\/www.cgt-hopital-manosque.fr\/index.php?rest_route=\/wp\/v2\/posts\/7604"}],"collection":[{"href":"http:\/\/www.cgt-hopital-manosque.fr\/index.php?rest_route=\/wp\/v2\/posts"}],"about":[{"href":"http:\/\/www.cgt-hopital-manosque.fr\/index.php?rest_route=\/wp\/v2\/types\/post"}],"author":[{"embeddable":true,"href":"http:\/\/www.cgt-hopital-manosque.fr\/index.php?rest_route=\/wp\/v2\/users\/1"}],"replies":[{"embeddable":true,"href":"http:\/\/www.cgt-hopital-manosque.fr\/index.php?rest_route=%2Fwp%2Fv2%2Fcomments&post=7604"}],"version-history":[{"count":6,"href":"http:\/\/www.cgt-hopital-manosque.fr\/index.php?rest_route=\/wp\/v2\/posts\/7604\/revisions"}],"predecessor-version":[{"id":7612,"href":"http:\/\/www.cgt-hopital-manosque.fr\/index.php?rest_route=\/wp\/v2\/posts\/7604\/revisions\/7612"}],"wp:attachment":[{"href":"http:\/\/www.cgt-hopital-manosque.fr\/index.php?rest_route=%2Fwp%2Fv2%2Fmedia&parent=7604"}],"wp:term":[{"taxonomy":"category","embeddable":true,"href":"http:\/\/www.cgt-hopital-manosque.fr\/index.php?rest_route=%2Fwp%2Fv2%2Fcategories&post=7604"},{"taxonomy":"post_tag","embeddable":true,"href":"http:\/\/www.cgt-hopital-manosque.fr\/index.php?rest_route=%2Fwp%2Fv2%2Ftags&post=7604"}],"curies":[{"name":"wp","href":"https:\/\/api.w.org\/{rel}","templated":true}]}}