{"id":7614,"date":"2020-03-25T21:21:52","date_gmt":"2020-03-25T21:21:52","guid":{"rendered":"http:\/\/www.cgt-hopital-manosque.fr\/?p=7614"},"modified":"2020-03-25T21:21:52","modified_gmt":"2020-03-25T21:21:52","slug":"25-mars-2020-coronavirus-communique-de-la-coordination-regionale-cgt-sante-et-action-sociale-paca","status":"publish","type":"post","link":"http:\/\/www.cgt-hopital-manosque.fr\/?p=7614","title":{"rendered":"25 mars 2020 &#8211; Coronavirus &#8211; Communiqu\u00e9 de la coordination r\u00e9gionale CGT Sant\u00e9 et Action Sociale PACA"},"content":{"rendered":"<p><a href=\"http:\/\/www.cgt-hopital-manosque.fr\/wp-content\/uploads\/2020\/03\/1243.-Communiqu\u00e9-Coordination-R\u00e9gionale-PACA-du-25-mars-2020-1.jpg\"><img loading=\"lazy\" decoding=\"async\" src=\"http:\/\/www.cgt-hopital-manosque.fr\/wp-content\/uploads\/2020\/03\/1243.-Communiqu\u00e9-Coordination-R\u00e9gionale-PACA-du-25-mars-2020-1.jpg\" alt=\"Covid-19 Communiqu\u00e9 Coordination R\u00e9gionale PACA du 25 mars 2020 (1)\" width=\"1241\" height=\"1754\" class=\"aligncenter size-full wp-image-7615\" srcset=\"http:\/\/www.cgt-hopital-manosque.fr\/wp-content\/uploads\/2020\/03\/1243.-Communiqu\u00e9-Coordination-R\u00e9gionale-PACA-du-25-mars-2020-1.jpg 1241w, http:\/\/www.cgt-hopital-manosque.fr\/wp-content\/uploads\/2020\/03\/1243.-Communiqu\u00e9-Coordination-R\u00e9gionale-PACA-du-25-mars-2020-1-212x300.jpg 212w, http:\/\/www.cgt-hopital-manosque.fr\/wp-content\/uploads\/2020\/03\/1243.-Communiqu\u00e9-Coordination-R\u00e9gionale-PACA-du-25-mars-2020-1-725x1024.jpg 725w\" sizes=\"(max-width: 1241px) 100vw, 1241px\" \/><\/a><\/p>\n<p><a href=\"http:\/\/www.cgt-hopital-manosque.fr\/wp-content\/uploads\/2020\/03\/1243.-Communiqu\u00e9-Coordination-R\u00e9gionale-PACA-du-25-mars-2020-2.jpg\"><img loading=\"lazy\" decoding=\"async\" src=\"http:\/\/www.cgt-hopital-manosque.fr\/wp-content\/uploads\/2020\/03\/1243.-Communiqu\u00e9-Coordination-R\u00e9gionale-PACA-du-25-mars-2020-2.jpg\" alt=\"Covid-19 Communiqu\u00e9 Coordination R\u00e9gionale PACA du 25 mars 2020 (2)\" width=\"1241\" height=\"1754\" class=\"aligncenter size-full wp-image-7616\" srcset=\"http:\/\/www.cgt-hopital-manosque.fr\/wp-content\/uploads\/2020\/03\/1243.-Communiqu\u00e9-Coordination-R\u00e9gionale-PACA-du-25-mars-2020-2.jpg 1241w, http:\/\/www.cgt-hopital-manosque.fr\/wp-content\/uploads\/2020\/03\/1243.-Communiqu\u00e9-Coordination-R\u00e9gionale-PACA-du-25-mars-2020-2-212x300.jpg 212w, http:\/\/www.cgt-hopital-manosque.fr\/wp-content\/uploads\/2020\/03\/1243.-Communiqu\u00e9-Coordination-R\u00e9gionale-PACA-du-25-mars-2020-2-725x1024.jpg 725w\" sizes=\"(max-width: 1241px) 100vw, 1241px\" \/><\/a><\/p>\n<p style= \"text-align: justify;\">\n<strong><br \/>\nPour consulter le communiqu\u00e9 complet : <a href=\"http:\/\/www.cgt-hopital-manosque.fr\/wp-content\/uploads\/2020\/03\/1243.-Communiqu\u00e9-Coordination-R\u00e9gionale-PACA-du-25-mars-2020.pdf\">CLIQUER ICI<\/a><br \/>\n<\/strong>\n<\/p>\n<p style= \"text-align: justify;\">\n","protected":false},"excerpt":{"rendered":"<p>Pour consulter le communiqu\u00e9 complet : CLIQUER ICI<\/p>\n","protected":false},"author":1,"featured_media":0,"comment_status":"closed","ping_status":"closed","sticky":false,"template":"","format":"standard","meta":{"footnotes":""},"categories":[7],"tags":[],"views":923,"_links":{"self":[{"href":"http:\/\/www.cgt-hopital-manosque.fr\/index.php?rest_route=\/wp\/v2\/posts\/7614"}],"collection":[{"href":"http:\/\/www.cgt-hopital-manosque.fr\/index.php?rest_route=\/wp\/v2\/posts"}],"about":[{"href":"http:\/\/www.cgt-hopital-manosque.fr\/index.php?rest_route=\/wp\/v2\/types\/post"}],"author":[{"embeddable":true,"href":"http:\/\/www.cgt-hopital-manosque.fr\/index.php?rest_route=\/wp\/v2\/users\/1"}],"replies":[{"embeddable":true,"href":"http:\/\/www.cgt-hopital-manosque.fr\/index.php?rest_route=%2Fwp%2Fv2%2Fcomments&post=7614"}],"version-history":[{"count":1,"href":"http:\/\/www.cgt-hopital-manosque.fr\/index.php?rest_route=\/wp\/v2\/posts\/7614\/revisions"}],"predecessor-version":[{"id":7618,"href":"http:\/\/www.cgt-hopital-manosque.fr\/index.php?rest_route=\/wp\/v2\/posts\/7614\/revisions\/7618"}],"wp:attachment":[{"href":"http:\/\/www.cgt-hopital-manosque.fr\/index.php?rest_route=%2Fwp%2Fv2%2Fmedia&parent=7614"}],"wp:term":[{"taxonomy":"category","embeddable":true,"href":"http:\/\/www.cgt-hopital-manosque.fr\/index.php?rest_route=%2Fwp%2Fv2%2Fcategories&post=7614"},{"taxonomy":"post_tag","embeddable":true,"href":"http:\/\/www.cgt-hopital-manosque.fr\/index.php?rest_route=%2Fwp%2Fv2%2Ftags&post=7614"}],"curies":[{"name":"wp","href":"https:\/\/api.w.org\/{rel}","templated":true}]}}