{"id":7622,"date":"2020-03-26T21:34:07","date_gmt":"2020-03-26T21:34:07","guid":{"rendered":"http:\/\/www.cgt-hopital-manosque.fr\/?p=7622"},"modified":"2020-03-26T21:42:22","modified_gmt":"2020-03-26T21:42:22","slug":"27-mars-2020-covid-19-analyse-de-la-situation-actuelle-dun-billet-dhumeur-a-lautre","status":"publish","type":"post","link":"http:\/\/www.cgt-hopital-manosque.fr\/?p=7622","title":{"rendered":"27 mars 2020 &#8211; Covid-19 &#8211; Analyse de la situation actuelle &#8211; D&rsquo;un billet d&rsquo;humeur \u00e0 l&rsquo;autre"},"content":{"rendered":"<p><a href=\"http:\/\/www.cgt-hopital-manosque.fr\/wp-content\/uploads\/2020\/03\/1245.-Notre-sant\u00e9-en-danger.jpg\"><img loading=\"lazy\" decoding=\"async\" src=\"http:\/\/www.cgt-hopital-manosque.fr\/wp-content\/uploads\/2020\/03\/1245.-Notre-sant\u00e9-en-danger.jpg\" alt=\"Notre sant\u00e9 en danger\" width=\"364\" height=\"364\" class=\"aligncenter size-full wp-image-7623\" srcset=\"http:\/\/www.cgt-hopital-manosque.fr\/wp-content\/uploads\/2020\/03\/1245.-Notre-sant\u00e9-en-danger.jpg 364w, http:\/\/www.cgt-hopital-manosque.fr\/wp-content\/uploads\/2020\/03\/1245.-Notre-sant\u00e9-en-danger-150x150.jpg 150w, http:\/\/www.cgt-hopital-manosque.fr\/wp-content\/uploads\/2020\/03\/1245.-Notre-sant\u00e9-en-danger-300x300.jpg 300w\" sizes=\"(max-width: 364px) 100vw, 364px\" \/><\/a><\/p>\n<p><strong><\/p>\n<p style= \"text-align: justify;\">\nBonjour,<br \/>\nNous vous faisons partager un billet d&rsquo;humeur de ce jour de Christophe Prudhomme que nous trouvons tr\u00e8s juste et tr\u00e8s int\u00e9ressant. Et en dessous, nous partageons un billet d&rsquo;humeur de C\u00e9dric Volait (CGT Sant\u00e9) de ce matin qui \u00e0 notre sens compl\u00e8te celui de Christophe.\n<\/p>\n<p style= \"text-align: justify;\">\n>>>> Le billet d&rsquo;humeur du jour de Christophe Prudhomme :\n<\/p>\n<p style= \"text-align: justify;\">\n\u00ab\u00a0Osez dire que le gouvernement actuel n&rsquo;est pas responsable de la p\u00e9nurie de masques et autres mat\u00e9riels dans les h\u00f4pitaux est un \u00e9norme mensonge !<br \/>\nEn effet qui a d\u00e9cid\u00e9 de ne pas d\u00e9bloquer les cr\u00e9dits pour maintenir la r\u00e9serve datant de la grippe H1N1 : Bercy. Et qui \u00e9tait \u00e0 Bercy \u00e0 l&rsquo;\u00e9poque : Emmanuel Macron !<br \/>\nIls sont pitoyables \u00e0 \u00e0 ce jeu du \u00ab\u00a0c&rsquo;est pas moi qui suis responsable mais c&rsquo;est mon pr\u00e9d\u00e9cesseur\u00a0\u00bb.<br \/>\nMon constat est simple : la d\u00e9gradation des services publics et des h\u00f4pitaux a d\u00e9but\u00e9 avec le tournant lib\u00e9ral initi\u00e9 par Thatcher et Reagan aux Etats-Unis et en France avec B\u00e9r\u00e9govoy relay\u00e9s par les guignols m\u00e9diatiques Tapie et Montand. Depuis, que les gouvernements aient \u00e9t\u00e9 de \u00ab\u00a0droite\u00a0\u00bb ou de \u00ab\u00a0gauche\u00a0\u00bb, la m\u00eame politique lib\u00e9rale nous a \u00e9t\u00e9 impos\u00e9e avec la fermeture massive de lits et d&rsquo;h\u00f4pitaux. Aujourd&rsquo;hui nous manquons de lits de r\u00e9animation mais qui a valid\u00e9 par exemple le Projet r\u00e9gional de sant\u00e9 de la r\u00e9gion PACA qui pr\u00e9voit la fermeture de 13 r\u00e9animations ! Qui a ferm\u00e9, il y a un an, la r\u00e9animation de l&rsquo;h\u00f4pital Jean Verdier \u00e0 Bondy dans mon d\u00e9partement, que nous avons pu rouvrir heureusement la semaine derni\u00e8re car le mat\u00e9riel et le personnels \u00e9tait encore pr\u00e9sent ? Les ministres de la sant\u00e9 qui se sont succ\u00e9d\u00e9s, servilement assist\u00e9s par une partie des directeurs et des m\u00e9decins en postes de responsabilit\u00e9.<br \/>\nEt aujourd&rsquo;hui, ils viennent pleurer dans les m\u00e9dias, comme le premier de la classe, Martin Hirsch, pour faire appel \u00e0 la g\u00e9n\u00e9rosit\u00e9 publique pour acheter du mat\u00e9riel et aux retrait\u00e9s pour venir aider le personnel en nombre insuffisant.<br \/>\nManque de lits et de personnels, ce sont les revendications qui motivent notre gr\u00e8ve depuis plus d&rsquo;un an. Un de ceux qui nous a envoy\u00e9 pa\u00eetre lorsqu&rsquo;il \u00e9tait rapporteur du budget de la S\u00e9curit\u00e9 sociale, c&rsquo;est Olivier V\u00e9ran qui aujourd&rsquo;hui essaye de se d\u00e9douaner dans ses interventions en tant que Ministre de la sant\u00e9.<br \/>\nAujourd&rsquo;hui nous faisons notre boulot pour assister au mieux nos patients avec des moyens insuffisants. Mais apr\u00e8s la crise, il faudra que ces \u00ab\u00a0braves\u00a0\u00bb gens passent \u00e0 la caisse pour payer car leur responsabilit\u00e9 est clairement \u00e9table.\u00a0\u00bb\n<\/p>\n<p style= \"text-align: justify;\">\n>>>> Le billet de C\u00e9dric Volait :\n<\/p>\n<p style= \"text-align: justify;\">\n\u00ab\u00a0Leur rationalit\u00e9 nous met tous en danger.<br \/>\nAu nom de la rationalit\u00e9, on nous explique depuis des ann\u00e9es qu&rsquo;il faut r\u00e9duire le nombre de m\u00e9decins.<br \/>\nAu nom de cette m\u00eame rationalit\u00e9, on nous explique qu&rsquo;il faut fermer des maternit\u00e9s, il faut fermer des services d&rsquo;urgences et il faut fermer des services de r\u00e9animation.<br \/>\nIls ferment des services et des lits dans les territoires ruraux, en pr\u00e9tendant que c&rsquo;est plus s\u00fbr dans les grandes villes et que c&rsquo;est plus s\u00fbr d&rsquo;avoir des super usines \u00e0 soins. Puis ensuite, dans les grandes villes, il faut encore proc\u00e9der \u00e0 des regroupements, des fermetures en nous parlant encore de rationalit\u00e9.<br \/>\nEt c&rsquo;est souvent quand on en a besoin qu&rsquo;on se rend compte que c&rsquo;est ces services nous manquent et qu&rsquo;ils sont indispensables.<br \/>\nOn nous dit que la rationalit\u00e9 c&rsquo;est le progr\u00e8s et donc l&rsquo;efficacit\u00e9. Alors la question que je me pose c&rsquo;est : c&rsquo;est quoi le progr\u00e8s ? Et cette efficacit\u00e9, ce progr\u00e8s sont pour qui ?<br \/>\nJ&rsquo;ai l&rsquo;impression que l&rsquo;id\u00e9e de progr\u00e8s a \u00e9t\u00e9 travestie, d\u00e9tourn\u00e9e, vol\u00e9e depuis une quarantaine d&rsquo;ann\u00e9e par les politiques men\u00e9es comme par les modes de management propag\u00e9s \u00e0 tous les \u00e9chelons.<br \/>\nDe m\u00eame c&rsquo;est quoi \u00eatre rationnel ? Car \u00e0 l&rsquo;heure o\u00f9 on nous parle de plus en plus d&rsquo;humaniser les robots, on robotise de plus en plus les travailleurs. L&rsquo;\u00eatre humain est d\u00e9poss\u00e9d\u00e9 de ses savoirs, de ses savoir-faire et savoir-\u00eatre.<br \/>\nEnsuite, nous avons des territoires o\u00f9 ils d\u00e9truisent le maillage territorial en termes de services publics et parapublics. Ils laissent \u00e0 l&rsquo;abandon les infrastructures. Au nom d&rsquo;une rationalit\u00e9 de court terme, ils cr\u00e9ent de plus en plus d&rsquo;irrationalit\u00e9 bas\u00e9e sur une hyper sp\u00e9culation de court terme et un d\u00e9sinvestissement de long terme. Ils cr\u00e9ent \u00e9galement davantage d&rsquo;arbitraire.<br \/>\nEt quand on observe comment s&rsquo;organise les territoires, les services publics, les h\u00f4pitaux, les modes d&rsquo;organisation du travail, on se rend compte qu&rsquo;ils  sont organis\u00e9s en fonction des besoins du Capital, des march\u00e9s et non en fonction des besoins des populations. Cette rationalit\u00e9 si souvent mise en avant est en fait un outil au service d&rsquo;une strat\u00e9gie de classe.<br \/>\nEt au nom de cette rationalit\u00e9, on nous dit que ceux qui travaillent pour apporter des solutions comme le professeur Raoult \u00e0 Marseille ne sont pas rationnels, n&rsquo;ont pas respect\u00e9s toutes les proc\u00e9dures, n&rsquo;ont pas respect\u00e9s tous les codes.<br \/>\nQuand on d\u00e9cide de donner des centaines de milliards aux banques, il me semble qu&rsquo;ils ne sont pas tr\u00e8s regardant sur les proc\u00e9dures, les consultations, les contreparties demand\u00e9es, l&rsquo;utilisation qui en fait, et qu&rsquo;en quelques jours des d\u00e9cisions chocs peuvent \u00eatre prises.<br \/>\nEt l\u00e0 avec les propositions mises en avant par le professeur Didier Raoult, dans l&rsquo;urgence d&rsquo;une situation de crise majeure, on nous dit qu&rsquo;il faut respecter les protocoles. M\u00eame si le fait de ne pas les respecter peut sauver des milliers de vie ? Des dizaines de milliers de vie ?<br \/>\nJ&rsquo;ai l&rsquo;impression qu&rsquo;ils sont dans une d\u00e9marche dogmatique, radicale d&rsquo;un bout \u00e0 l&rsquo;autre de la chaine.<br \/>\nEt la rationalit\u00e9 impos\u00e9e est avant tout une rationalit\u00e9 \u00e9conomique, donc sur un angle tr\u00e8s pr\u00e9cis, entrainant de l&rsquo;irrationalit\u00e9 dans de nombreux domaines : \u00e9cologie, sanitaire, solidarit\u00e9&#8230; et plus globalement sur l&rsquo;humanit\u00e9 dans son ensemble. Aujourd&rsquo;hui, on a besoin de d\u00e9passer ce dogme, cette rationalit\u00e9, cette dictature \u00e9conomico-financi\u00e8re, bas\u00e9e sur un rapport de force \u00e0 un instant T, qui n&rsquo;est pas en faveur des populations. car tous les choix qui sont fait sont r\u00e9alis\u00e9s dans ce cadre l\u00e0.\n<\/p>\n<p style= \"text-align: justify;\">\nOn a besoin de se servir du factuel, de la crise actuelle pour travailler au renversement de ce rapport de force. Tout ce qu&rsquo;on annonce depuis des ann\u00e9es est en train d&rsquo;arriver. Tous les combats que nous menons depuis des mois, des ann\u00e9es, prennent aujourd&rsquo;hui encore plus de l\u00e9gitimit\u00e9.\n<\/p>\n<p style= \"text-align: justify;\">\nNous avons besoin de travailler nos strat\u00e9gies aujourd&rsquo;hui afin de pr\u00e9parer l&rsquo;apr\u00e8s.<br \/>\nComment on prend-on soin de nous et de notre organisation ?<br \/>\nDe quoi avons-nous besoin pour continuer notre activit\u00e9 syndicale ?<br \/>\nComment on g\u00e8re le probl\u00e8me de mat\u00e9riel dans les \u00e9tablissements ?<br \/>\nComment on g\u00e8re les morts dans les EHPAD ?<br \/>\nQuelle riposte juridique ?<br \/>\nComment pr\u00e9pare-t-on l\u2019apr\u00e8s crise ?<br \/>\nComment r\u00e9pond-on aux attaques sur le droit du travail ?<br \/>\nIls profitent de la crise pour acc\u00e9l\u00e9rer l\u2019impact des nouvelles technologies et modifier les pratiques, comment on y r\u00e9pond ?<br \/>\nComment on r\u00e9pond \u00e0 la gestion des \u00e9tudiants qui sont trait\u00e9s comme des personnels comme les autres en \u00e9tant pay\u00e9s 40 euros par semaine ?<br \/>\nComment on r\u00e9agit aux entraves syndicales particuli\u00e8rement dans le priv\u00e9 ?\n<\/p>\n<p style= \"text-align: justify;\">\nNous avons un CNF t\u00e9l\u00e9phon\u00e9 vendredi 27 mars de 9h00 \u00e0 12h00. Cela peut \u00eatre l&rsquo;occasion de mener des r\u00e9flexions afin d&rsquo;apporter des r\u00e9ponses \u00e0 ces questions.\u00a0\u00bb\n<\/p>\n<p><\/strong><\/p>\n<p style= \"text-align: justify;\">\n","protected":false},"excerpt":{"rendered":"<p>Bonjour, Nous vous faisons partager un billet d&rsquo;humeur de ce jour de Christophe Prudhomme que nous trouvons tr\u00e8s juste et tr\u00e8s int\u00e9ressant. Et en dessous, nous partageons un billet d&rsquo;humeur de C\u00e9dric Volait (CGT Sant\u00e9) de ce matin qui \u00e0 notre sens compl\u00e8te celui de Christophe. >>>> Le billet d&rsquo;humeur du jour de Christophe Prudhomme [&hellip;]<\/p>\n","protected":false},"author":1,"featured_media":0,"comment_status":"closed","ping_status":"closed","sticky":false,"template":"","format":"standard","meta":{"footnotes":""},"categories":[8],"tags":[],"views":995,"_links":{"self":[{"href":"http:\/\/www.cgt-hopital-manosque.fr\/index.php?rest_route=\/wp\/v2\/posts\/7622"}],"collection":[{"href":"http:\/\/www.cgt-hopital-manosque.fr\/index.php?rest_route=\/wp\/v2\/posts"}],"about":[{"href":"http:\/\/www.cgt-hopital-manosque.fr\/index.php?rest_route=\/wp\/v2\/types\/post"}],"author":[{"embeddable":true,"href":"http:\/\/www.cgt-hopital-manosque.fr\/index.php?rest_route=\/wp\/v2\/users\/1"}],"replies":[{"embeddable":true,"href":"http:\/\/www.cgt-hopital-manosque.fr\/index.php?rest_route=%2Fwp%2Fv2%2Fcomments&post=7622"}],"version-history":[{"count":7,"href":"http:\/\/www.cgt-hopital-manosque.fr\/index.php?rest_route=\/wp\/v2\/posts\/7622\/revisions"}],"predecessor-version":[{"id":7630,"href":"http:\/\/www.cgt-hopital-manosque.fr\/index.php?rest_route=\/wp\/v2\/posts\/7622\/revisions\/7630"}],"wp:attachment":[{"href":"http:\/\/www.cgt-hopital-manosque.fr\/index.php?rest_route=%2Fwp%2Fv2%2Fmedia&parent=7622"}],"wp:term":[{"taxonomy":"category","embeddable":true,"href":"http:\/\/www.cgt-hopital-manosque.fr\/index.php?rest_route=%2Fwp%2Fv2%2Fcategories&post=7622"},{"taxonomy":"post_tag","embeddable":true,"href":"http:\/\/www.cgt-hopital-manosque.fr\/index.php?rest_route=%2Fwp%2Fv2%2Ftags&post=7622"}],"curies":[{"name":"wp","href":"https:\/\/api.w.org\/{rel}","templated":true}]}}