{"id":7641,"date":"2020-03-29T12:44:18","date_gmt":"2020-03-29T12:44:18","guid":{"rendered":"http:\/\/www.cgt-hopital-manosque.fr\/?p=7641"},"modified":"2020-03-29T12:44:18","modified_gmt":"2020-03-29T12:44:18","slug":"29-mars-2020-crise-sanitaire-les-derniers-billets-dhumeur-de-christophe-prudhomme-medecin-urgentiste","status":"publish","type":"post","link":"http:\/\/www.cgt-hopital-manosque.fr\/?p=7641","title":{"rendered":"29 mars 2020 &#8211; Crise sanitaire &#8211; Les derniers billets d&rsquo;humeur de Christophe Prudhomme, m\u00e9decin urgentiste"},"content":{"rendered":"<p><a href=\"http:\/\/www.cgt-hopital-manosque.fr\/wp-content\/uploads\/2020\/03\/1247.-Christophe-Prudhomme-m\u00e9decin-urgentiste-CGT-Sant\u00e9.jpg\"><img loading=\"lazy\" decoding=\"async\" src=\"http:\/\/www.cgt-hopital-manosque.fr\/wp-content\/uploads\/2020\/03\/1247.-Christophe-Prudhomme-m\u00e9decin-urgentiste-CGT-Sant\u00e9.jpg\" alt=\"Christophe Prudhomme m\u00e9decin urgentiste CGT Sant\u00e9\" width=\"680\" height=\"420\" class=\"aligncenter size-full wp-image-7642\" srcset=\"http:\/\/www.cgt-hopital-manosque.fr\/wp-content\/uploads\/2020\/03\/1247.-Christophe-Prudhomme-m\u00e9decin-urgentiste-CGT-Sant\u00e9.jpg 680w, http:\/\/www.cgt-hopital-manosque.fr\/wp-content\/uploads\/2020\/03\/1247.-Christophe-Prudhomme-m\u00e9decin-urgentiste-CGT-Sant\u00e9-300x185.jpg 300w\" sizes=\"(max-width: 680px) 100vw, 680px\" \/><\/a><\/p>\n<p><strong><\/p>\n<p style= \"text-align: justify;\">\nBonjour,<br \/>\nNous nous faisons partager les derniers billets d&rsquo;humeur de Christophe Prudhomme, m\u00e9decin urgentiste, membre de la direction f\u00e9d\u00e9rale CGT Sant\u00e9.<br \/>\nBonne journ\u00e9e et bon courage\n<\/p>\n<p style= \"text-align: justify;\">\n\uf0d8 Billet d&rsquo;humeur du jour num\u00e9ro 2 :<br \/>\nQue le Pr\u00e9sident de la, R\u00e9publique reconnaisse que l&rsquo;h\u00f4pital va mal est un premier acquis. Cependant, ses promesses restent floues alors que nos revendications sont pr\u00e9cises et chiffr\u00e9es. Nous r\u00e9clamons des lits et l&rsquo;arr\u00eat des fermetures de services et d&rsquo;h\u00f4pitaux. Nous r\u00e9clamons des effectifs suppl\u00e9mentaires : 100 000 \u00e0 l&rsquo;h\u00f4pital et 200 000 en EHPAD. Enfin nous r\u00e9clamons des augmentations de salaires et non des primes. Le chiffrage a \u00e9t\u00e9 fait par l&rsquo;intersyndicale et les collectifs. Nous demandons pour 2020 une augmentation du budget des h\u00f4pitaux de 5 %, soit 4 milliards d&rsquo;euros imm\u00e9diatement.<br \/>\nLes promesses faites hier ne sont pas \u00e0 la hauteur de la crise qui ne date pas d&rsquo;aujourd&rsquo;hui. Elles restent floues et non chiffr\u00e9es, pr\u00e9sent\u00e9es dans le cadre d&rsquo;un discours compassionnel qui nous \u00e9nerve.<br \/>\nMonsieur Macron, nous voulons du concret avec des financements pr\u00e9cis. Le temps des promesses, c&rsquo;est termin\u00e9 !\n<\/p>\n<p style= \"text-align: justify;\">\n\uf0d8 Billet d&rsquo;humeur du jour num\u00e9ro 3 :<br \/>\nQue l&rsquo;arm\u00e9e fran\u00e7aise ne soit pas capable de monter un v\u00e9ritable h\u00f4pital de campagne avec un nombre de lits cons\u00e9quent et que l&rsquo;aide \u00e0 Mulhouse se limite \u00e0 quelques tentes avec 30 lits, alors que des pays comme la Chine ont construit des h\u00f4pitaux de plusieurs centaines de lits avec des b\u00e2timents modulaires en quelques jours. Cela montre bien que la politique de destruction du Service de sant\u00e9 des arm\u00e9es, avec la fermeture de nombreux h\u00f4pitaux, a mis aussi ce service public \u00e0 genoux.<br \/>\nLa cons\u00e9quence a \u00e9t\u00e9 l&rsquo;organisation d&rsquo;un train sanitaire qui a \u00e9t\u00e9 largement m\u00e9diatis\u00e9e mais qui s&rsquo;av\u00e8re \u00eatre un g\u00e2chis d\u00e9lirant en termes de moyens dans la situation actuelle. Mobiliser 150 soignants pour faire traverser la France \u00e0 20 malades, mais quelle b\u00eatise ! D&rsquo;une part, la crise en Alsace est largement due au fait que le nombre de lits en r\u00e9animation dans cette r\u00e9gion \u00e9tait initialement insuffisant comme dans toute la France et je le rappelle de moiti\u00e9 inf\u00e9rieur rapport\u00e9 \u00e0 la population par rapport \u00e0 ce qui existe de l&rsquo;autre c\u00f4t\u00e9 du Rhin, en Allemagne. Par ailleurs, il aurait \u00e9t\u00e9 pr\u00e9f\u00e9rable de monter un v\u00e9ritable h\u00f4pital suppl\u00e9mentaire en faisant appel \u00e0 la r\u00e9serve sanitaire sur place \u00e0 Mulhouse.<br \/>\nDemain, nous risquons d&rsquo;\u00eatre \u00e0 saturation en Ile-de-France en ce qui concerne les lits de r\u00e9animation. Allons-nous organiser des trains sanitaires pour r\u00e9partir les patients sur toute le territoire ? Non, il faut que le gouvernement mobilise l&rsquo;ensemble de nos ressources pour le syst\u00e8me de sant\u00e9 en arr\u00eatant les activit\u00e9s non essentielles et mette en \u0153uvre des capacit\u00e9s hospitali\u00e8res suppl\u00e9mentaires sur place en r\u00e9gion parisienne dans des locaux disponibles.\n<\/p>\n<p style= \"text-align: justify;\">\n\uf0d8 Billet d&rsquo;humeur du jour num\u00e9ro 4 :<br \/>\nJ&rsquo;\u00e9tais hier jusqu&rsquo;\u00e0 minuit en r\u00e9gulation au Samu de Seine-Saint-Denis. Depuis 3 jours, plus aucune place en r\u00e9animation dans notre d\u00e9partement. La cons\u00e9quence est le transfert de patients dans des r\u00e9animations au quatre coins de la r\u00e9gion parisienne.<br \/>\nCela souligne deux probl\u00e8mes.<br \/>\nPremi\u00e8rement, cela met en lumi\u00e8re ce que nous d\u00e9non\u00e7ons depuis des ann\u00e9es, \u00e0 savoir la faiblesse des services publics dans les d\u00e9partements les plus pauvres, notamment en termes de lits hospitaliers. Faiblesse qui n&rsquo; est pas compens\u00e9e par le secteur priv\u00e9 lucratif que nous avons sollicit\u00e9, mais qui \u00e9tait lui aussi d\u00e9pass\u00e9 et qui par ailleurs n&rsquo;est pas dot\u00e9 de beaucoup de places en r\u00e9animation.<br \/>\nDeuxi\u00e8mement, cela pose une question sur la strat\u00e9gie du gouvernement. Il faudrait en urgence augmenter les capacit\u00e9s hospitali\u00e8res sur place, bien au-del\u00e0 de ce qui a \u00e9t\u00e9 fait jusqu&rsquo;\u00e0 pr\u00e9sent. Mais aujourd&rsquo;hui la r\u00e9ponse qui semble se profiler est celle de nouveaux TGV sanitaires pour \u00e9vacuer des patients sur la province. Cela ne semble pas raisonnable. Il serait plus utile de mobiliser l&rsquo;ensemble des ressources logistiques et humaines disponibles en \u00cele-de-France. La priorit\u00e9 ne peut \u00eatre aujourd&rsquo;hui le maintien de l&rsquo;activit\u00e9 \u00e9conomique, y compris dans des secteurs qui ne sont pas essentiels dans la lutte contre l&rsquo;\u00e9pid\u00e9mie. Toutes nos forces doivent \u00eatre concentr\u00e9es imm\u00e9diatement pour passer le cap du pic de l&rsquo;\u00e9pid\u00e9mie dans les r\u00e9gions les plus touch\u00e9es.<br \/>\nLa r\u00e9gion parisienne est soit disant une des r\u00e9gions les plus riches du monde, le gouvernement doit arr\u00eater de tergiverser et de courir apr\u00e8s les \u00e9v\u00e9nements. Il est possible, si les bonnes d\u00e9cisions politiques sont prises imm\u00e9diatement, de pouvoir mettre en \u0153uvre les solutions adapt\u00e9es.\n<\/p>\n<p style= \"text-align: justify;\">\n\uf0d8 Billet d&rsquo;humeur du jour num\u00e9ro 5 :<br \/>\nCe matin, dimanche, je pars au travail au Samu 93, avec une certaine appr\u00e9hension car depuis maintenant plusieurs jours, les r\u00e9animations d&rsquo;Ile-de-France arrivent \u00e0 saturation. Il va donc \u00eatre difficile de trouver des solutions pour de nombreux patients, notamment les plus, \u00e2g\u00e9s.<br \/>\nJ&rsquo;ai entendu hier soir le Premier ministre et le Ministre de la sant\u00e9 faire des annonces concernant des commandes de mat\u00e9riel et des pr\u00e9visions d&rsquo;ouverture de lits de r\u00e9animation. Dans un premier temps, je me suis dit que pour la premi\u00e8re fois depuis de nombreuses semaines, le gouvernement n&rsquo;\u00e9tait plus dans le d\u00e9ni et reconnaissait la p\u00e9nurie de mat\u00e9riel. Mais en \u00e9coutant l&rsquo;\u00e9nonc\u00e9 des chiffres et les dates annonc\u00e9es, la col\u00e8re m&rsquo;est mont\u00e9e au nez. Nous avons besoin des tests, des masques et des lits de r\u00e9animation aujourd&rsquo;hui et pas dans 10 ou 15 jours ! Nous promettre 50.000 tests par jour fin avril alors que l&rsquo;Allemagne en fait d\u00e9j\u00e0 plus quotidiennement aujourd&rsquo;hui, qu&rsquo;elle foutaise ! Il en va de m\u00eame pour les masques promis dans les EHPAD qui sont indispensables d\u00e8s maintenant !<br \/>\nCela montre bien que le gouvernement a encore un train de retard et court apr\u00e8s la crise. Gouverner, c&rsquo;est pr\u00e9voir, messieurs. Et vous n&rsquo;avez rien pr\u00e9vu \u00e0 temps.<br \/>\nNous, urgentistes, demandons que tous les moyens industriels, logistiques et humains de notre pays soient mobilis\u00e9s imm\u00e9diatement pour que  notre syst\u00e8me de sant\u00e9 puisse r\u00e9pondre aux besoins des patients. Il faut arr\u00eater toutes les autres activit\u00e9s non essentielles. C&rsquo;est vital, car nous refusons d&rsquo;\u00eatre en situation de s\u00e9lectionner les malades qui pourront aller en r\u00e9animation et ceux qu&rsquo;il faudra laisser mourir par manque de moyens.<br \/>\nDr Christophe Prudhomme<br \/>\nM\u00e9decin urgentiste\n<\/p>\n<p><\/strong><\/p>\n<p style= \"text-align: justify;\">\n","protected":false},"excerpt":{"rendered":"<p>Bonjour, Nous nous faisons partager les derniers billets d&rsquo;humeur de Christophe Prudhomme, m\u00e9decin urgentiste, membre de la direction f\u00e9d\u00e9rale CGT Sant\u00e9. Bonne journ\u00e9e et bon courage \uf0d8 Billet d&rsquo;humeur du jour num\u00e9ro 2 : Que le Pr\u00e9sident de la, R\u00e9publique reconnaisse que l&rsquo;h\u00f4pital va mal est un premier acquis. Cependant, ses promesses restent floues alors [&hellip;]<\/p>\n","protected":false},"author":1,"featured_media":0,"comment_status":"closed","ping_status":"closed","sticky":false,"template":"","format":"standard","meta":{"footnotes":""},"categories":[8],"tags":[],"views":834,"_links":{"self":[{"href":"http:\/\/www.cgt-hopital-manosque.fr\/index.php?rest_route=\/wp\/v2\/posts\/7641"}],"collection":[{"href":"http:\/\/www.cgt-hopital-manosque.fr\/index.php?rest_route=\/wp\/v2\/posts"}],"about":[{"href":"http:\/\/www.cgt-hopital-manosque.fr\/index.php?rest_route=\/wp\/v2\/types\/post"}],"author":[{"embeddable":true,"href":"http:\/\/www.cgt-hopital-manosque.fr\/index.php?rest_route=\/wp\/v2\/users\/1"}],"replies":[{"embeddable":true,"href":"http:\/\/www.cgt-hopital-manosque.fr\/index.php?rest_route=%2Fwp%2Fv2%2Fcomments&post=7641"}],"version-history":[{"count":1,"href":"http:\/\/www.cgt-hopital-manosque.fr\/index.php?rest_route=\/wp\/v2\/posts\/7641\/revisions"}],"predecessor-version":[{"id":7643,"href":"http:\/\/www.cgt-hopital-manosque.fr\/index.php?rest_route=\/wp\/v2\/posts\/7641\/revisions\/7643"}],"wp:attachment":[{"href":"http:\/\/www.cgt-hopital-manosque.fr\/index.php?rest_route=%2Fwp%2Fv2%2Fmedia&parent=7641"}],"wp:term":[{"taxonomy":"category","embeddable":true,"href":"http:\/\/www.cgt-hopital-manosque.fr\/index.php?rest_route=%2Fwp%2Fv2%2Fcategories&post=7641"},{"taxonomy":"post_tag","embeddable":true,"href":"http:\/\/www.cgt-hopital-manosque.fr\/index.php?rest_route=%2Fwp%2Fv2%2Ftags&post=7641"}],"curies":[{"name":"wp","href":"https:\/\/api.w.org\/{rel}","templated":true}]}}